{"id":4626,"date":"2024-02-23T09:16:35","date_gmt":"2024-02-23T08:16:35","guid":{"rendered":"https:\/\/laserenavegasaltas.org\/?p=4626"},"modified":"2024-02-23T09:18:12","modified_gmt":"2024-02-23T08:18:12","slug":"curso-de-creacion-de-empresas-para-mujeres-emprendedoras-con-una-idea-de-negocio-que-quieran-analizarla-y-estudiar-su-viabilidad-economica-antes-de-su-puesta-en-marcha","status":"publish","type":"post","link":"https:\/\/laserenavegasaltas.org\/?p=4626","title":{"rendered":"Curso de creaci\u00f3n de empresas para mujeres emprendedoras con una idea de negocio que quieran analizarla y estudiar su viabilidad econ\u00f3mica antes de su puesta en marcha"},"content":{"rendered":"<div>Formaci\u00f3n de<b>\u00a0car\u00e1cter gratuito \u00a0de 120 horas en modalidad semipresencial<\/b>, con asesoramiento individualizado y cuatro sesiones grupales presenciales, as\u00ed como actividades y contenidos a trav\u00e9s del campus online de Fundaci\u00f3n Mujeres<a id=\"m_-4033636716343818739OWAfb85eeb7-9697-410c-41ea-7314b806cbe6\" title=\"https:\/\/formacion.fundacionmujeres.es\/\" href=\"https:\/\/formacion.fundacionmujeres.es\/\" target=\"_blank\" rel=\"noopener noreferrer\" data-saferedirecturl=\"https:\/\/www.google.com\/url?q=https:\/\/formacion.fundacionmujeres.es\/&amp;source=gmail&amp;ust=1708762160976000&amp;usg=AOvVaw0xeE97hzJFI-I-3kPti3jN\">: https:\/\/formacion.<wbr \/>fundacionmujeres.es\/<\/a>.<\/div>\n<div>Las sesiones grupales tendr\u00e1n lugar los d\u00edas: 13 y 21 de marzo, 4 y 11 de abril de 2024 en horario de 9:30 a 13:30 horas, en la Biblioteca P\u00fablica de C\u00e1ceres.<\/div>\n<div>Con esta formaci\u00f3n analizar\u00e1s la viabilidad t\u00e9cnica y econ\u00f3mica de tu idea de negocio realizando:<\/div>\n<ul>\n<li>Estudio Mercado<\/li>\n<li>Plan de Marketing<\/li>\n<li>Plan Econ\u00f3mico Financiero<\/li>\n<li>Plan de contingencias<\/li>\n<\/ul>\n<div>Adem\u00e1s, conocer\u00e1s las diferentes fuentes de financiaci\u00f3n existentes, as\u00ed como aspectos b\u00e1sicos en materia fiscal.<\/div>\n<div><b>Plazo de inscripci\u00f3n:\u00a0<\/b>hasta el 11\/03\/2024<\/div>\n<div>Inscr\u00edbete\u00a0<a id=\"m_-4033636716343818739OWAd09dda3e-ec2e-f924-3812-47f9baf0936e\" title=\"https:\/\/forms.office.com\/e\/6v0c47L0jb\" href=\"https:\/\/forms.office.com\/e\/6v0c47L0jb\" target=\"_blank\" rel=\"noopener noreferrer\" data-saferedirecturl=\"https:\/\/www.google.com\/url?q=https:\/\/forms.office.com\/e\/6v0c47L0jb&amp;source=gmail&amp;ust=1708762160977000&amp;usg=AOvVaw2q8ynNR0ESzLtH2zVPmGmv\">aqu\u00ed<\/a><a id=\"m_-4033636716343818739OWAd7b49aae-647d-f719-95ee-8be1bfc6b7a1\" title=\"https:\/\/forms.office.com\/e\/6v0c47L0jb\" href=\"https:\/\/forms.office.com\/e\/6v0c47L0jb\" target=\"_blank\" rel=\"noopener noreferrer\" data-saferedirecturl=\"https:\/\/www.google.com\/url?q=https:\/\/forms.office.com\/e\/6v0c47L0jb&amp;source=gmail&amp;ust=1708762160977000&amp;usg=AOvVaw2q8ynNR0ESzLtH2zVPmGmv\">\u00a0\u00a0<\/a><\/div>\n<div>Para m\u00e1s informaci\u00f3n, contacta en el tel\u00e9fono 927 629 194 extensi\u00f3n 3010 o v\u00eda email en la siguiente direcci\u00f3n:\u00a0<a href=\"mailto:asesoriaextremadura@fundacionmujeres.es\" target=\"_blank\" rel=\"noopener\">asesoriaextremadura@<wbr \/>fundacionmujeres.es<\/a>. Tambi\u00e9n por WhatsApp: 663 357 498.<\/div>\n<div><a id=\"m_-4033636716343818739OWA21cfb6d5-4798-fe3a-3b7c-942edd6c1618\" title=\"https:\/\/fundacionmujeres.es\/agenda\/curso-de-creacion-de-empresas-en-extremadura-2\/\" href=\"https:\/\/fundacionmujeres.es\/agenda\/curso-de-creacion-de-empresas-en-extremadura-2\/\" target=\"_blank\" rel=\"noopener noreferrer\" data-saferedirecturl=\"https:\/\/www.google.com\/url?q=https:\/\/fundacionmujeres.es\/agenda\/curso-de-creacion-de-empresas-en-extremadura-2\/&amp;source=gmail&amp;ust=1708762160977000&amp;usg=AOvVaw1j5LqJaNCnX8khD6-bwS3P\">https:\/\/fundacionmujeres.es\/<wbr \/>agenda\/curso-de-creacion-de-<wbr \/>empresas-en-extremadura-2\/<\/a><\/div>\n<div><i>\u00a0<\/i><\/div>\n<div><i>Esta actividad forma parte del Programa Estatal FSE+ de Inclusi\u00f3n Social, Garant\u00eda Infantil y Lucha contra la Pobreza que est\u00e1 cofinanciado por el Fondo Social Europeo.\u00a0<\/i><\/div>\n<div id=\"m_-4033636716343818739Signature\">\n<p><img decoding=\"async\" class=\"CToWUd\" src=\"https:\/\/mail.google.com\/mail\/u\/0?ui=2&amp;ik=0a588a6681&amp;attid=0.0.1&amp;permmsgid=msg-f:1791619520039935110&amp;th=18dd1c7608a2dc86&amp;view=fimg&amp;fur=ip&amp;sz=s0-l75-ft&amp;attbid=ANGjdJ-PCXt9w3tmFGDivt09xywOwD5F2_-gy9w7RvL_v4mNHSxv8NadHe3FgJ4cPOxj-UZwNBxa5Dsmv4Ku4URlObTNoRifl9GAMFXSBEi1dlGjIu5BJCwXRVOWyKQ&amp;disp=emb\" alt=\"imagen\" data-image-whitelisted=\"\" data-bit=\"iit\" \/><\/p>\n<p><a id=\"m_-4033636716343818739OWAc907d04c-87cc-aafa-6030-09bf4204347f\" title=\"http:\/\/www.fundacionmujeres.es\/\" href=\"http:\/\/www.fundacionmujeres.es\/\" target=\"_blank\" rel=\"noreferrer noopener\" data-saferedirecturl=\"https:\/\/www.google.com\/url?q=http:\/\/www.fundacionmujeres.es\/&amp;source=gmail&amp;ust=1708762160977000&amp;usg=AOvVaw2MFMTJ5hMIJvcLM7zyB31m\">http:\/\/www.fundacionmujeres.es<\/a><\/p>\n<\/div>\n","protected":false},"excerpt":{"rendered":"<p>Formaci\u00f3n de\u00a0car\u00e1cter gratuito \u00a0de 120 horas en modalidad semipresencial, con asesoramiento individualizado y cuatro sesiones grupales presenciales, as\u00ed como actividades y contenidos a trav\u00e9s del campus<span class=\"excerpt-hellip\"> [\u2026]<\/span><\/p>\n","protected":false},"author":1,"featured_media":4628,"comment_status":"closed","ping_status":"open","sticky":false,"template":"","format":"standard","meta":{"footnotes":""},"categories":[10],"tags":[],"class_list":["post-4626","post","type-post","status-publish","format-standard","has-post-thumbnail","hentry","category-eventos"],"yoast_head":"<!-- This site is optimized with the Yoast SEO plugin v25.5 - https:\/\/yoast.com\/wordpress\/plugins\/seo\/ -->\n<title>Curso de creaci\u00f3n de empresas para mujeres emprendedoras con una idea de negocio que quieran analizarla y estudiar su viabilidad econ\u00f3mica antes de su puesta en marcha - Mancomunidad Integral de Servicios La Serena-Vegas Altas<\/title>\n<meta name=\"robots\" content=\"index, follow, max-snippet:-1, max-image-preview:large, max-video-preview:-1\" \/>\n<link rel=\"canonical\" href=\"https:\/\/laserenavegasaltas.org\/?p=4626\" \/>\n<meta property=\"og:locale\" content=\"es_ES\" \/>\n<meta property=\"og:type\" content=\"article\" \/>\n<meta property=\"og:title\" content=\"Curso de creaci\u00f3n de empresas para mujeres emprendedoras con una idea de negocio que quieran analizarla y estudiar su viabilidad econ\u00f3mica antes de su puesta en marcha - Mancomunidad Integral de Servicios La Serena-Vegas Altas\" \/>\n<meta property=\"og:description\" content=\"Formaci\u00f3n de\u00a0car\u00e1cter gratuito \u00a0de 120 horas en modalidad semipresencial, con asesoramiento individualizado y cuatro sesiones grupales presenciales, as\u00ed como actividades y contenidos a trav\u00e9s del campus [\u2026]\" \/>\n<meta property=\"og:url\" content=\"https:\/\/laserenavegasaltas.org\/?p=4626\" \/>\n<meta property=\"og:site_name\" content=\"Mancomunidad Integral de Servicios La Serena-Vegas Altas\" \/>\n<meta property=\"article:published_time\" content=\"2024-02-23T08:16:35+00:00\" \/>\n<meta property=\"article:modified_time\" content=\"2024-02-23T08:18:12+00:00\" \/>\n<meta property=\"og:image\" content=\"https:\/\/laserenavegasaltas.org\/\/wp-content\/uploads\/2024\/02\/Cartel-CCE_marzo24-1.jpg\" \/>\n\t<meta property=\"og:image:width\" content=\"600\" \/>\n\t<meta property=\"og:image:height\" content=\"350\" \/>\n\t<meta property=\"og:image:type\" content=\"image\/jpeg\" \/>\n<meta name=\"author\" content=\"adminlaserena\" \/>\n<meta name=\"twitter:card\" content=\"summary_large_image\" \/>\n<meta name=\"twitter:label1\" content=\"Escrito por\" \/>\n\t<meta name=\"twitter:data1\" content=\"adminlaserena\" \/>\n\t<meta name=\"twitter:label2\" content=\"Tiempo de lectura\" \/>\n\t<meta name=\"twitter:data2\" content=\"1 minuto\" \/>\n<script type=\"application\/ld+json\" class=\"yoast-schema-graph\">{\"@context\":\"https:\/\/schema.org\",\"@graph\":[{\"@type\":\"WebPage\",\"@id\":\"https:\/\/laserenavegasaltas.org\/?p=4626\",\"url\":\"https:\/\/laserenavegasaltas.org\/?p=4626\",\"name\":\"Curso de creaci\u00f3n de empresas para mujeres emprendedoras con una idea de negocio que quieran analizarla y estudiar su viabilidad econ\u00f3mica antes de su puesta en marcha - Mancomunidad Integral de Servicios La Serena-Vegas Altas\",\"isPartOf\":{\"@id\":\"https:\/\/laserenavegasaltas.org\/#website\"},\"primaryImageOfPage\":{\"@id\":\"https:\/\/laserenavegasaltas.org\/?p=4626#primaryimage\"},\"image\":{\"@id\":\"https:\/\/laserenavegasaltas.org\/?p=4626#primaryimage\"},\"thumbnailUrl\":\"https:\/\/laserenavegasaltas.org\/\/wp-content\/uploads\/2024\/02\/Cartel-CCE_marzo24-1.jpg\",\"datePublished\":\"2024-02-23T08:16:35+00:00\",\"dateModified\":\"2024-02-23T08:18:12+00:00\",\"author\":{\"@id\":\"https:\/\/laserenavegasaltas.org\/#\/schema\/person\/7e539dcfd5a02c583c4d62ca800e2d0a\"},\"breadcrumb\":{\"@id\":\"https:\/\/laserenavegasaltas.org\/?p=4626#breadcrumb\"},\"inLanguage\":\"es\",\"potentialAction\":[{\"@type\":\"ReadAction\",\"target\":[\"https:\/\/laserenavegasaltas.org\/?p=4626\"]}]},{\"@type\":\"ImageObject\",\"inLanguage\":\"es\",\"@id\":\"https:\/\/laserenavegasaltas.org\/?p=4626#primaryimage\",\"url\":\"https:\/\/laserenavegasaltas.org\/\/wp-content\/uploads\/2024\/02\/Cartel-CCE_marzo24-1.jpg\",\"contentUrl\":\"https:\/\/laserenavegasaltas.org\/\/wp-content\/uploads\/2024\/02\/Cartel-CCE_marzo24-1.jpg\",\"width\":600,\"height\":350},{\"@type\":\"BreadcrumbList\",\"@id\":\"https:\/\/laserenavegasaltas.org\/?p=4626#breadcrumb\",\"itemListElement\":[{\"@type\":\"ListItem\",\"position\":1,\"name\":\"Portada\",\"item\":\"https:\/\/laserenavegasaltas.org\/\"},{\"@type\":\"ListItem\",\"position\":2,\"name\":\"Curso de creaci\u00f3n de empresas para mujeres emprendedoras con una idea de negocio que quieran analizarla y estudiar su viabilidad econ\u00f3mica antes de su puesta en marcha\"}]},{\"@type\":\"WebSite\",\"@id\":\"https:\/\/laserenavegasaltas.org\/#website\",\"url\":\"https:\/\/laserenavegasaltas.org\/\",\"name\":\"Mancomunidad Integral de Servicios La Serena-Vegas Altas\",\"description\":\"Mancomunidad Integral de Servicios La Serena-Vegas Altas\",\"potentialAction\":[{\"@type\":\"SearchAction\",\"target\":{\"@type\":\"EntryPoint\",\"urlTemplate\":\"https:\/\/laserenavegasaltas.org\/?s={search_term_string}\"},\"query-input\":{\"@type\":\"PropertyValueSpecification\",\"valueRequired\":true,\"valueName\":\"search_term_string\"}}],\"inLanguage\":\"es\"},{\"@type\":\"Person\",\"@id\":\"https:\/\/laserenavegasaltas.org\/#\/schema\/person\/7e539dcfd5a02c583c4d62ca800e2d0a\",\"name\":\"adminlaserena\",\"image\":{\"@type\":\"ImageObject\",\"inLanguage\":\"es\",\"@id\":\"https:\/\/laserenavegasaltas.org\/#\/schema\/person\/image\/\",\"url\":\"https:\/\/secure.gravatar.com\/avatar\/e8a6dd0bfa694b30f5479082b82802247d9a6768a68a3f10c8e6fc54b81e49b1?s=96&d=mm&r=g\",\"contentUrl\":\"https:\/\/secure.gravatar.com\/avatar\/e8a6dd0bfa694b30f5479082b82802247d9a6768a68a3f10c8e6fc54b81e49b1?s=96&d=mm&r=g\",\"caption\":\"adminlaserena\"},\"sameAs\":[\"http:\/\/laserenavegasaltas.org\"],\"url\":\"https:\/\/laserenavegasaltas.org\/?author=1\"}]}<\/script>\n<!-- \/ Yoast SEO plugin. -->","yoast_head_json":{"title":"Curso de creaci\u00f3n de empresas para mujeres emprendedoras con una idea de negocio que quieran analizarla y estudiar su viabilidad econ\u00f3mica antes de su puesta en marcha - Mancomunidad Integral de Servicios La Serena-Vegas Altas","robots":{"index":"index","follow":"follow","max-snippet":"max-snippet:-1","max-image-preview":"max-image-preview:large","max-video-preview":"max-video-preview:-1"},"canonical":"https:\/\/laserenavegasaltas.org\/?p=4626","og_locale":"es_ES","og_type":"article","og_title":"Curso de creaci\u00f3n de empresas para mujeres emprendedoras con una idea de negocio que quieran analizarla y estudiar su viabilidad econ\u00f3mica antes de su puesta en marcha - Mancomunidad Integral de Servicios La Serena-Vegas Altas","og_description":"Formaci\u00f3n de\u00a0car\u00e1cter gratuito \u00a0de 120 horas en modalidad semipresencial, con asesoramiento individualizado y cuatro sesiones grupales presenciales, as\u00ed como actividades y contenidos a trav\u00e9s del campus [\u2026]","og_url":"https:\/\/laserenavegasaltas.org\/?p=4626","og_site_name":"Mancomunidad Integral de Servicios La Serena-Vegas Altas","article_published_time":"2024-02-23T08:16:35+00:00","article_modified_time":"2024-02-23T08:18:12+00:00","og_image":[{"width":600,"height":350,"url":"https:\/\/laserenavegasaltas.org\/\/wp-content\/uploads\/2024\/02\/Cartel-CCE_marzo24-1.jpg","type":"image\/jpeg"}],"author":"adminlaserena","twitter_card":"summary_large_image","twitter_misc":{"Escrito por":"adminlaserena","Tiempo de lectura":"1 minuto"},"schema":{"@context":"https:\/\/schema.org","@graph":[{"@type":"WebPage","@id":"https:\/\/laserenavegasaltas.org\/?p=4626","url":"https:\/\/laserenavegasaltas.org\/?p=4626","name":"Curso de creaci\u00f3n de empresas para mujeres emprendedoras con una idea de negocio que quieran analizarla y estudiar su viabilidad econ\u00f3mica antes de su puesta en marcha - Mancomunidad Integral de Servicios La Serena-Vegas Altas","isPartOf":{"@id":"https:\/\/laserenavegasaltas.org\/#website"},"primaryImageOfPage":{"@id":"https:\/\/laserenavegasaltas.org\/?p=4626#primaryimage"},"image":{"@id":"https:\/\/laserenavegasaltas.org\/?p=4626#primaryimage"},"thumbnailUrl":"https:\/\/laserenavegasaltas.org\/\/wp-content\/uploads\/2024\/02\/Cartel-CCE_marzo24-1.jpg","datePublished":"2024-02-23T08:16:35+00:00","dateModified":"2024-02-23T08:18:12+00:00","author":{"@id":"https:\/\/laserenavegasaltas.org\/#\/schema\/person\/7e539dcfd5a02c583c4d62ca800e2d0a"},"breadcrumb":{"@id":"https:\/\/laserenavegasaltas.org\/?p=4626#breadcrumb"},"inLanguage":"es","potentialAction":[{"@type":"ReadAction","target":["https:\/\/laserenavegasaltas.org\/?p=4626"]}]},{"@type":"ImageObject","inLanguage":"es","@id":"https:\/\/laserenavegasaltas.org\/?p=4626#primaryimage","url":"https:\/\/laserenavegasaltas.org\/\/wp-content\/uploads\/2024\/02\/Cartel-CCE_marzo24-1.jpg","contentUrl":"https:\/\/laserenavegasaltas.org\/\/wp-content\/uploads\/2024\/02\/Cartel-CCE_marzo24-1.jpg","width":600,"height":350},{"@type":"BreadcrumbList","@id":"https:\/\/laserenavegasaltas.org\/?p=4626#breadcrumb","itemListElement":[{"@type":"ListItem","position":1,"name":"Portada","item":"https:\/\/laserenavegasaltas.org\/"},{"@type":"ListItem","position":2,"name":"Curso de creaci\u00f3n de empresas para mujeres emprendedoras con una idea de negocio que quieran analizarla y estudiar su viabilidad econ\u00f3mica antes de su puesta en marcha"}]},{"@type":"WebSite","@id":"https:\/\/laserenavegasaltas.org\/#website","url":"https:\/\/laserenavegasaltas.org\/","name":"Mancomunidad Integral de Servicios La Serena-Vegas Altas","description":"Mancomunidad Integral de Servicios La Serena-Vegas Altas","potentialAction":[{"@type":"SearchAction","target":{"@type":"EntryPoint","urlTemplate":"https:\/\/laserenavegasaltas.org\/?s={search_term_string}"},"query-input":{"@type":"PropertyValueSpecification","valueRequired":true,"valueName":"search_term_string"}}],"inLanguage":"es"},{"@type":"Person","@id":"https:\/\/laserenavegasaltas.org\/#\/schema\/person\/7e539dcfd5a02c583c4d62ca800e2d0a","name":"adminlaserena","image":{"@type":"ImageObject","inLanguage":"es","@id":"https:\/\/laserenavegasaltas.org\/#\/schema\/person\/image\/","url":"https:\/\/secure.gravatar.com\/avatar\/e8a6dd0bfa694b30f5479082b82802247d9a6768a68a3f10c8e6fc54b81e49b1?s=96&d=mm&r=g","contentUrl":"https:\/\/secure.gravatar.com\/avatar\/e8a6dd0bfa694b30f5479082b82802247d9a6768a68a3f10c8e6fc54b81e49b1?s=96&d=mm&r=g","caption":"adminlaserena"},"sameAs":["http:\/\/laserenavegasaltas.org"],"url":"https:\/\/laserenavegasaltas.org\/?author=1"}]}},"_links":{"self":[{"href":"https:\/\/laserenavegasaltas.org\/index.php?rest_route=\/wp\/v2\/posts\/4626","targetHints":{"allow":["GET"]}}],"collection":[{"href":"https:\/\/laserenavegasaltas.org\/index.php?rest_route=\/wp\/v2\/posts"}],"about":[{"href":"https:\/\/laserenavegasaltas.org\/index.php?rest_route=\/wp\/v2\/types\/post"}],"author":[{"embeddable":true,"href":"https:\/\/laserenavegasaltas.org\/index.php?rest_route=\/wp\/v2\/users\/1"}],"replies":[{"embeddable":true,"href":"https:\/\/laserenavegasaltas.org\/index.php?rest_route=%2Fwp%2Fv2%2Fcomments&post=4626"}],"version-history":[{"count":1,"href":"https:\/\/laserenavegasaltas.org\/index.php?rest_route=\/wp\/v2\/posts\/4626\/revisions"}],"predecessor-version":[{"id":4629,"href":"https:\/\/laserenavegasaltas.org\/index.php?rest_route=\/wp\/v2\/posts\/4626\/revisions\/4629"}],"wp:featuredmedia":[{"embeddable":true,"href":"https:\/\/laserenavegasaltas.org\/index.php?rest_route=\/wp\/v2\/media\/4628"}],"wp:attachment":[{"href":"https:\/\/laserenavegasaltas.org\/index.php?rest_route=%2Fwp%2Fv2%2Fmedia&parent=4626"}],"wp:term":[{"taxonomy":"category","embeddable":true,"href":"https:\/\/laserenavegasaltas.org\/index.php?rest_route=%2Fwp%2Fv2%2Fcategories&post=4626"},{"taxonomy":"post_tag","embeddable":true,"href":"https:\/\/laserenavegasaltas.org\/index.php?rest_route=%2Fwp%2Fv2%2Ftags&post=4626"}],"curies":[{"name":"wp","href":"https:\/\/api.w.org\/{rel}","templated":true}]}}