{"id":4746,"date":"2024-10-09T10:18:34","date_gmt":"2024-10-09T09:18:34","guid":{"rendered":"https:\/\/laserenavegasaltas.org\/?p=4746"},"modified":"2024-10-09T10:19:11","modified_gmt":"2024-10-09T09:19:11","slug":"v-concurso-fotografico-la-serena-paisaje-cultural-2024","status":"publish","type":"post","link":"https:\/\/laserenavegasaltas.org\/?p=4746","title":{"rendered":"V CONCURSO FOTOGR\u00c1FICO  \u201cLA SERENA PAISAJE CULTURAL 2024\u201d"},"content":{"rendered":"<p>Un a\u00f1o m\u00e1s, la Oficina T\u00e9cnica de Gesti\u00f3n \u201cLa Serena, Paisaje Cultural\u201d pone en marcha una nueva edici\u00f3n del concurso fotogr\u00e1fico \u201cLa Serena, Paisaje Cultural\u201d, con el que se pretende captar la atenci\u00f3n de la ciudadan\u00eda hacia un territorio singular y excepcional como es el de la comarca de La Serena.<\/p>\n<p>El tema para participar ser\u00e1 el \u201cPaisaje Cultural\u201d de La Serena: su patrimonio natural, cultural y etnogr\u00e1fico (monumentos, panor\u00e1micas, ecosistemas y biodiversidad, elementos arquitect\u00f3nicos y decorativos, creencias, tradiciones, fiestas populares, expresiones musicales o de danza, juegos, modos de trabajo y labores tradicionales, econom\u00eda, indumentarias y adornos, o cualquier otra manifestaci\u00f3n cultural que reflejen la excepcional identidad de la comarca La Serena).<\/p>\n<p>Cada participante podr\u00e1 presentar un m\u00e1ximo de tres fotograf\u00edas y se contemplan tres premios de diferentes cuant\u00edas: un primer premio de 300 euros, un segundo premio de 200 euros y un tercer premio de 100 euros (el importe de estos premios quedar\u00e1 sujeto a las retenciones fiscales que marque la ley).<\/p>\n<p>La pasada edici\u00f3n se sald\u00f3 con una gran participaci\u00f3n y la declaraci\u00f3n de tres ganadores con hermosas fotograf\u00edas de la comarca de La Serena y su patrimonio hist\u00f3rico \u2013 art\u00edstico, cultural y medioambiental, que muestran la variedad y riqueza de recursos culturales y naturales presentes en el territorio y que conforman un paisaje altamente caracter\u00edstico que produce un gran <a href=\"https:\/\/laserenavegasaltas.org\/\/wp-content\/uploads\/2024\/10\/Cartel-V-Concurso-Fotografico-LSPC2024.pdf\">Cartel <\/a>impacto visual.<\/p>\n<p>Esta actividad se encuadra dentro del s\u00e9ptimo plan de acci\u00f3n para la dinamizaci\u00f3n cultural de la comarca de La Serena, promovido por el CEDER \u201cLa Serena\u201d y financiado por la Diputaci\u00f3n de Badajoz.<\/p>\n<p>Para obtener m\u00e1s informaci\u00f3n y acceder tanto a las bases del certamen como al cartel anunciador de la actividad pueden dirigirse a la web <a href=\"http:\/\/www.cederlaserena.es\">www.cederlaserena.es<\/a>o bien <a href=\"http:\/\/www.laserena.org\">www.laserena.org<\/a>. Tambi\u00e9n podr\u00e1n consultar las bases escaneando el c\u00f3digo QR del cartel.<\/p>\n<p>Tambi\u00e9n pueden solicitar informaci\u00f3n en el CEDER \u201cLa Serena\u201d, a trav\u00e9s del n\u00famero de tel\u00e9fono 924772408 o enviando un correo electr\u00f3nico con su consulta a la direcci\u00f3n info@laserenapaisajecultural.es.<\/p>\n","protected":false},"excerpt":{"rendered":"<p>Un a\u00f1o m\u00e1s, la Oficina T\u00e9cnica de Gesti\u00f3n \u201cLa Serena, Paisaje Cultural\u201d pone en marcha una nueva edici\u00f3n del concurso fotogr\u00e1fico \u201cLa Serena, Paisaje Cultural\u201d, con<span class=\"excerpt-hellip\"> [\u2026]<\/span><\/p>\n","protected":false},"author":1,"featured_media":4748,"comment_status":"closed","ping_status":"open","sticky":false,"template":"","format":"standard","meta":{"footnotes":""},"categories":[7],"tags":[],"class_list":["post-4746","post","type-post","status-publish","format-standard","has-post-thumbnail","hentry","category-noticias"],"yoast_head":"<!-- This site is optimized with the Yoast SEO plugin v25.5 - https:\/\/yoast.com\/wordpress\/plugins\/seo\/ -->\n<title>V CONCURSO FOTOGR\u00c1FICO \u201cLA SERENA PAISAJE CULTURAL 2024\u201d - Mancomunidad Integral de Servicios La Serena-Vegas Altas<\/title>\n<meta name=\"robots\" content=\"index, follow, max-snippet:-1, max-image-preview:large, max-video-preview:-1\" \/>\n<link rel=\"canonical\" href=\"https:\/\/laserenavegasaltas.org\/?p=4746\" \/>\n<meta property=\"og:locale\" content=\"es_ES\" \/>\n<meta property=\"og:type\" content=\"article\" \/>\n<meta property=\"og:title\" content=\"V CONCURSO FOTOGR\u00c1FICO \u201cLA SERENA PAISAJE CULTURAL 2024\u201d - Mancomunidad Integral de Servicios La Serena-Vegas Altas\" \/>\n<meta property=\"og:description\" content=\"Un a\u00f1o m\u00e1s, la Oficina T\u00e9cnica de Gesti\u00f3n \u201cLa Serena, Paisaje Cultural\u201d pone en marcha una nueva edici\u00f3n del concurso fotogr\u00e1fico \u201cLa Serena, Paisaje Cultural\u201d, con [\u2026]\" \/>\n<meta property=\"og:url\" content=\"https:\/\/laserenavegasaltas.org\/?p=4746\" \/>\n<meta property=\"og:site_name\" content=\"Mancomunidad Integral de Servicios La Serena-Vegas Altas\" \/>\n<meta property=\"article:published_time\" content=\"2024-10-09T09:18:34+00:00\" \/>\n<meta property=\"article:modified_time\" content=\"2024-10-09T09:19:11+00:00\" \/>\n<meta property=\"og:image\" content=\"https:\/\/laserenavegasaltas.org\/\/wp-content\/uploads\/2024\/10\/CARTEL-CONCURSO-FOTOGRAFICO-PAISAJE-CULTURAL.png\" \/>\n\t<meta property=\"og:image:width\" content=\"674\" \/>\n\t<meta property=\"og:image:height\" content=\"955\" \/>\n\t<meta property=\"og:image:type\" content=\"image\/png\" \/>\n<meta name=\"author\" content=\"adminlaserena\" \/>\n<meta name=\"twitter:card\" content=\"summary_large_image\" \/>\n<meta name=\"twitter:label1\" content=\"Escrito por\" \/>\n\t<meta name=\"twitter:data1\" content=\"adminlaserena\" \/>\n\t<meta name=\"twitter:label2\" content=\"Tiempo de lectura\" \/>\n\t<meta name=\"twitter:data2\" content=\"2 minutos\" \/>\n<script type=\"application\/ld+json\" class=\"yoast-schema-graph\">{\"@context\":\"https:\/\/schema.org\",\"@graph\":[{\"@type\":\"WebPage\",\"@id\":\"https:\/\/laserenavegasaltas.org\/?p=4746\",\"url\":\"https:\/\/laserenavegasaltas.org\/?p=4746\",\"name\":\"V CONCURSO FOTOGR\u00c1FICO \u201cLA SERENA PAISAJE CULTURAL 2024\u201d - Mancomunidad Integral de Servicios La Serena-Vegas Altas\",\"isPartOf\":{\"@id\":\"https:\/\/laserenavegasaltas.org\/#website\"},\"primaryImageOfPage\":{\"@id\":\"https:\/\/laserenavegasaltas.org\/?p=4746#primaryimage\"},\"image\":{\"@id\":\"https:\/\/laserenavegasaltas.org\/?p=4746#primaryimage\"},\"thumbnailUrl\":\"https:\/\/laserenavegasaltas.org\/\/wp-content\/uploads\/2024\/10\/CARTEL-CONCURSO-FOTOGRAFICO-PAISAJE-CULTURAL.png\",\"datePublished\":\"2024-10-09T09:18:34+00:00\",\"dateModified\":\"2024-10-09T09:19:11+00:00\",\"author\":{\"@id\":\"https:\/\/laserenavegasaltas.org\/#\/schema\/person\/7e539dcfd5a02c583c4d62ca800e2d0a\"},\"breadcrumb\":{\"@id\":\"https:\/\/laserenavegasaltas.org\/?p=4746#breadcrumb\"},\"inLanguage\":\"es\",\"potentialAction\":[{\"@type\":\"ReadAction\",\"target\":[\"https:\/\/laserenavegasaltas.org\/?p=4746\"]}]},{\"@type\":\"ImageObject\",\"inLanguage\":\"es\",\"@id\":\"https:\/\/laserenavegasaltas.org\/?p=4746#primaryimage\",\"url\":\"https:\/\/laserenavegasaltas.org\/\/wp-content\/uploads\/2024\/10\/CARTEL-CONCURSO-FOTOGRAFICO-PAISAJE-CULTURAL.png\",\"contentUrl\":\"https:\/\/laserenavegasaltas.org\/\/wp-content\/uploads\/2024\/10\/CARTEL-CONCURSO-FOTOGRAFICO-PAISAJE-CULTURAL.png\",\"width\":674,\"height\":955},{\"@type\":\"BreadcrumbList\",\"@id\":\"https:\/\/laserenavegasaltas.org\/?p=4746#breadcrumb\",\"itemListElement\":[{\"@type\":\"ListItem\",\"position\":1,\"name\":\"Portada\",\"item\":\"https:\/\/laserenavegasaltas.org\/\"},{\"@type\":\"ListItem\",\"position\":2,\"name\":\"V CONCURSO FOTOGR\u00c1FICO \u201cLA SERENA PAISAJE CULTURAL 2024\u201d\"}]},{\"@type\":\"WebSite\",\"@id\":\"https:\/\/laserenavegasaltas.org\/#website\",\"url\":\"https:\/\/laserenavegasaltas.org\/\",\"name\":\"Mancomunidad Integral de Servicios La Serena-Vegas Altas\",\"description\":\"Mancomunidad Integral de Servicios La Serena-Vegas Altas\",\"potentialAction\":[{\"@type\":\"SearchAction\",\"target\":{\"@type\":\"EntryPoint\",\"urlTemplate\":\"https:\/\/laserenavegasaltas.org\/?s={search_term_string}\"},\"query-input\":{\"@type\":\"PropertyValueSpecification\",\"valueRequired\":true,\"valueName\":\"search_term_string\"}}],\"inLanguage\":\"es\"},{\"@type\":\"Person\",\"@id\":\"https:\/\/laserenavegasaltas.org\/#\/schema\/person\/7e539dcfd5a02c583c4d62ca800e2d0a\",\"name\":\"adminlaserena\",\"image\":{\"@type\":\"ImageObject\",\"inLanguage\":\"es\",\"@id\":\"https:\/\/laserenavegasaltas.org\/#\/schema\/person\/image\/\",\"url\":\"https:\/\/secure.gravatar.com\/avatar\/e8a6dd0bfa694b30f5479082b82802247d9a6768a68a3f10c8e6fc54b81e49b1?s=96&d=mm&r=g\",\"contentUrl\":\"https:\/\/secure.gravatar.com\/avatar\/e8a6dd0bfa694b30f5479082b82802247d9a6768a68a3f10c8e6fc54b81e49b1?s=96&d=mm&r=g\",\"caption\":\"adminlaserena\"},\"sameAs\":[\"http:\/\/laserenavegasaltas.org\"],\"url\":\"https:\/\/laserenavegasaltas.org\/?author=1\"}]}<\/script>\n<!-- \/ Yoast SEO plugin. -->","yoast_head_json":{"title":"V CONCURSO FOTOGR\u00c1FICO \u201cLA SERENA PAISAJE CULTURAL 2024\u201d - Mancomunidad Integral de Servicios La Serena-Vegas Altas","robots":{"index":"index","follow":"follow","max-snippet":"max-snippet:-1","max-image-preview":"max-image-preview:large","max-video-preview":"max-video-preview:-1"},"canonical":"https:\/\/laserenavegasaltas.org\/?p=4746","og_locale":"es_ES","og_type":"article","og_title":"V CONCURSO FOTOGR\u00c1FICO \u201cLA SERENA PAISAJE CULTURAL 2024\u201d - Mancomunidad Integral de Servicios La Serena-Vegas Altas","og_description":"Un a\u00f1o m\u00e1s, la Oficina T\u00e9cnica de Gesti\u00f3n \u201cLa Serena, Paisaje Cultural\u201d pone en marcha una nueva edici\u00f3n del concurso fotogr\u00e1fico \u201cLa Serena, Paisaje Cultural\u201d, con [\u2026]","og_url":"https:\/\/laserenavegasaltas.org\/?p=4746","og_site_name":"Mancomunidad Integral de Servicios La Serena-Vegas Altas","article_published_time":"2024-10-09T09:18:34+00:00","article_modified_time":"2024-10-09T09:19:11+00:00","og_image":[{"width":674,"height":955,"url":"https:\/\/laserenavegasaltas.org\/\/wp-content\/uploads\/2024\/10\/CARTEL-CONCURSO-FOTOGRAFICO-PAISAJE-CULTURAL.png","type":"image\/png"}],"author":"adminlaserena","twitter_card":"summary_large_image","twitter_misc":{"Escrito por":"adminlaserena","Tiempo de lectura":"2 minutos"},"schema":{"@context":"https:\/\/schema.org","@graph":[{"@type":"WebPage","@id":"https:\/\/laserenavegasaltas.org\/?p=4746","url":"https:\/\/laserenavegasaltas.org\/?p=4746","name":"V CONCURSO FOTOGR\u00c1FICO \u201cLA SERENA PAISAJE CULTURAL 2024\u201d - Mancomunidad Integral de Servicios La Serena-Vegas Altas","isPartOf":{"@id":"https:\/\/laserenavegasaltas.org\/#website"},"primaryImageOfPage":{"@id":"https:\/\/laserenavegasaltas.org\/?p=4746#primaryimage"},"image":{"@id":"https:\/\/laserenavegasaltas.org\/?p=4746#primaryimage"},"thumbnailUrl":"https:\/\/laserenavegasaltas.org\/\/wp-content\/uploads\/2024\/10\/CARTEL-CONCURSO-FOTOGRAFICO-PAISAJE-CULTURAL.png","datePublished":"2024-10-09T09:18:34+00:00","dateModified":"2024-10-09T09:19:11+00:00","author":{"@id":"https:\/\/laserenavegasaltas.org\/#\/schema\/person\/7e539dcfd5a02c583c4d62ca800e2d0a"},"breadcrumb":{"@id":"https:\/\/laserenavegasaltas.org\/?p=4746#breadcrumb"},"inLanguage":"es","potentialAction":[{"@type":"ReadAction","target":["https:\/\/laserenavegasaltas.org\/?p=4746"]}]},{"@type":"ImageObject","inLanguage":"es","@id":"https:\/\/laserenavegasaltas.org\/?p=4746#primaryimage","url":"https:\/\/laserenavegasaltas.org\/\/wp-content\/uploads\/2024\/10\/CARTEL-CONCURSO-FOTOGRAFICO-PAISAJE-CULTURAL.png","contentUrl":"https:\/\/laserenavegasaltas.org\/\/wp-content\/uploads\/2024\/10\/CARTEL-CONCURSO-FOTOGRAFICO-PAISAJE-CULTURAL.png","width":674,"height":955},{"@type":"BreadcrumbList","@id":"https:\/\/laserenavegasaltas.org\/?p=4746#breadcrumb","itemListElement":[{"@type":"ListItem","position":1,"name":"Portada","item":"https:\/\/laserenavegasaltas.org\/"},{"@type":"ListItem","position":2,"name":"V CONCURSO FOTOGR\u00c1FICO \u201cLA SERENA PAISAJE CULTURAL 2024\u201d"}]},{"@type":"WebSite","@id":"https:\/\/laserenavegasaltas.org\/#website","url":"https:\/\/laserenavegasaltas.org\/","name":"Mancomunidad Integral de Servicios La Serena-Vegas Altas","description":"Mancomunidad Integral de Servicios La Serena-Vegas Altas","potentialAction":[{"@type":"SearchAction","target":{"@type":"EntryPoint","urlTemplate":"https:\/\/laserenavegasaltas.org\/?s={search_term_string}"},"query-input":{"@type":"PropertyValueSpecification","valueRequired":true,"valueName":"search_term_string"}}],"inLanguage":"es"},{"@type":"Person","@id":"https:\/\/laserenavegasaltas.org\/#\/schema\/person\/7e539dcfd5a02c583c4d62ca800e2d0a","name":"adminlaserena","image":{"@type":"ImageObject","inLanguage":"es","@id":"https:\/\/laserenavegasaltas.org\/#\/schema\/person\/image\/","url":"https:\/\/secure.gravatar.com\/avatar\/e8a6dd0bfa694b30f5479082b82802247d9a6768a68a3f10c8e6fc54b81e49b1?s=96&d=mm&r=g","contentUrl":"https:\/\/secure.gravatar.com\/avatar\/e8a6dd0bfa694b30f5479082b82802247d9a6768a68a3f10c8e6fc54b81e49b1?s=96&d=mm&r=g","caption":"adminlaserena"},"sameAs":["http:\/\/laserenavegasaltas.org"],"url":"https:\/\/laserenavegasaltas.org\/?author=1"}]}},"_links":{"self":[{"href":"https:\/\/laserenavegasaltas.org\/index.php?rest_route=\/wp\/v2\/posts\/4746","targetHints":{"allow":["GET"]}}],"collection":[{"href":"https:\/\/laserenavegasaltas.org\/index.php?rest_route=\/wp\/v2\/posts"}],"about":[{"href":"https:\/\/laserenavegasaltas.org\/index.php?rest_route=\/wp\/v2\/types\/post"}],"author":[{"embeddable":true,"href":"https:\/\/laserenavegasaltas.org\/index.php?rest_route=\/wp\/v2\/users\/1"}],"replies":[{"embeddable":true,"href":"https:\/\/laserenavegasaltas.org\/index.php?rest_route=%2Fwp%2Fv2%2Fcomments&post=4746"}],"version-history":[{"count":1,"href":"https:\/\/laserenavegasaltas.org\/index.php?rest_route=\/wp\/v2\/posts\/4746\/revisions"}],"predecessor-version":[{"id":4749,"href":"https:\/\/laserenavegasaltas.org\/index.php?rest_route=\/wp\/v2\/posts\/4746\/revisions\/4749"}],"wp:featuredmedia":[{"embeddable":true,"href":"https:\/\/laserenavegasaltas.org\/index.php?rest_route=\/wp\/v2\/media\/4748"}],"wp:attachment":[{"href":"https:\/\/laserenavegasaltas.org\/index.php?rest_route=%2Fwp%2Fv2%2Fmedia&parent=4746"}],"wp:term":[{"taxonomy":"category","embeddable":true,"href":"https:\/\/laserenavegasaltas.org\/index.php?rest_route=%2Fwp%2Fv2%2Fcategories&post=4746"},{"taxonomy":"post_tag","embeddable":true,"href":"https:\/\/laserenavegasaltas.org\/index.php?rest_route=%2Fwp%2Fv2%2Ftags&post=4746"}],"curies":[{"name":"wp","href":"https:\/\/api.w.org\/{rel}","templated":true}]}}