{"id":4852,"date":"2024-11-22T12:15:37","date_gmt":"2024-11-22T11:15:37","guid":{"rendered":"https:\/\/laserenavegasaltas.org\/?p=4852"},"modified":"2024-11-22T12:23:18","modified_gmt":"2024-11-22T11:23:18","slug":"la-mancomunidad-la-serena-vegas-altas-gestionara-los-servicios-sociales-de-base-080-vegas-altas-iii","status":"publish","type":"post","link":"https:\/\/laserenavegasaltas.org\/?p=4852","title":{"rendered":"La Mancomunidad La Serena-Vegas Altas gestionar\u00e1 los Servicios Sociales de Base  \u00ab080 Vegas Altas III\u00bb."},"content":{"rendered":"<div class=\"xdj266r x11i5rnm xat24cr x1mh8g0r x1vvkbs x126k92a\">\n<div dir=\"auto\">La Mancomunidad \u201cLa Serena-Vegas Altas\u201d gestionar\u00e1, a partir del 1 de enero de 2025, el servicio de atenci\u00f3n social b\u00e1sica \u201c080 Vegas Altas III\u201d para la prestaci\u00f3n de informaci\u00f3n, valoraci\u00f3n y orientaci\u00f3n que cuentan con 2 profesionales del Trabajo Social, a solicitud de esta entidad tal y como recoge la Resoluci\u00f3n de 14 de noviembre de 2024, de la Secretar\u00eda General de Servicios Sociales, Inclusi\u00f3n, Infancia y Familia, por la que se modifica la organizaci\u00f3n de los servicios sociales de atenci\u00f3n social b\u00e1sica y del n\u00famero de profesionales para la prestaci\u00f3n de informaci\u00f3n, valoraci\u00f3n y orientaci\u00f3n publicada en el DOE n\u00ba 228 de 22 de noviembre.<\/div>\n<\/div>\n<div class=\"x11i5rnm xat24cr x1mh8g0r x1vvkbs xtlvy1s x126k92a\">\n<div dir=\"auto\">Con este nuevo servicio, gestionado directamente desde la \u00abLa <span class=\"html-span xdj266r x11i5rnm xat24cr x1mh8g0r xexx8yu x4uap5 x18d9i69 xkhd6sd x1hl2dhg x16tdsg8 x1vvkbs\"><a class=\"x1i10hfl xjbqb8w x1ejq31n xd10rxx x1sy0etr x17r0tee x972fbf xcfux6l x1qhh985 xm0m39n x9f619 x1ypdohk xt0psk2 xe8uvvx xdj266r x11i5rnm xat24cr x1mh8g0r xexx8yu x4uap5 x18d9i69 xkhd6sd x16tdsg8 x1hl2dhg xggy1nq x1a2a7pz x1sur9pj xkrqix3 x1fey0fg xo1l8bm\" tabindex=\"0\" role=\"link\" href=\"https:\/\/www.facebook.com\/profile.php?id=100093175642466&amp;__cft__[0]=AZV_VB7AGcu4D7QOLXmWs306PpMxJGwIExPxG1h1hqdQJoTtEpR_502QkDr8U8Q2m3a5ttcswYFAmx1bel3lahrT60oXGG2x8eTRvhm1CkyagqIyoi2kkFTp0G5aLZrdTYJFvoOZm6ca59eFeapELGH7HZsC9bSG7d35kLYW3J16eQ&amp;__tn__=-]K-R\"><span class=\"xt0psk2\">Mancomunidad La Serena Vegas Altas<\/span><\/a><\/span>,\u00bb se aumenta el n\u00famero de prestaciones para los municipios, lo que en definitiva revertir\u00e1 en el beneficio de la ciudadan\u00eda, seg\u00fan manifiesta el Presidente de la Mancomunidad , Francisco Javier Fern\u00e1ndez Cano que tambi\u00e9n ostenta la Alcald\u00eda del Ayuntamiento de Navalvillar de Pela<\/div>\n<\/div>\n<div class=\"x11i5rnm xat24cr x1mh8g0r x1vvkbs xtlvy1s x126k92a\">\n<div dir=\"auto\"><span class=\"html-span xdj266r x11i5rnm xat24cr x1mh8g0r xexx8yu x4uap5 x18d9i69 xkhd6sd x1hl2dhg x16tdsg8 x1vvkbs\"><a class=\"x1i10hfl xjbqb8w x1ejq31n xd10rxx x1sy0etr x17r0tee x972fbf xcfux6l x1qhh985 xm0m39n x9f619 x1ypdohk xt0psk2 xe8uvvx xdj266r x11i5rnm xat24cr x1mh8g0r xexx8yu x4uap5 x18d9i69 xkhd6sd x16tdsg8 x1hl2dhg xggy1nq x1a2a7pz x1sur9pj xkrqix3 x1fey0fg\" tabindex=\"0\" role=\"link\" href=\"https:\/\/doe.juntaex.es\/pdfs\/doe\/2024\/2280o\/24063839.pdf?fbclid=IwZXh0bgNhZW0CMTAAAR1OeI0PzqQwZsVqBHyeKDRCi1NN1TgJw8TxUkJ_oO0WWSPGaL_HGttaYfo_aem_h_nwSZWm6ttpSnGxhm1lEQ\" target=\"_blank\" rel=\"nofollow noopener\">https:\/\/doe.juntaex.es\/pdfs\/doe\/2024\/2280o\/24063839.pdf<\/a><\/span><\/div>\n<\/div>\n","protected":false},"excerpt":{"rendered":"<p>La Mancomunidad \u201cLa Serena-Vegas Altas\u201d gestionar\u00e1, a partir del 1 de enero de 2025, el servicio de atenci\u00f3n social b\u00e1sica \u201c080 Vegas Altas III\u201d para la<span class=\"excerpt-hellip\"> [\u2026]<\/span><\/p>\n","protected":false},"author":1,"featured_media":4853,"comment_status":"closed","ping_status":"open","sticky":false,"template":"","format":"standard","meta":{"footnotes":""},"categories":[7],"tags":[],"class_list":["post-4852","post","type-post","status-publish","format-standard","has-post-thumbnail","hentry","category-noticias"],"yoast_head":"<!-- This site is optimized with the Yoast SEO plugin v25.5 - https:\/\/yoast.com\/wordpress\/plugins\/seo\/ -->\n<title>La Mancomunidad La Serena-Vegas Altas gestionar\u00e1 los Servicios Sociales de Base &quot;080 Vegas Altas III&quot;. - Mancomunidad Integral de Servicios La Serena-Vegas Altas<\/title>\n<meta name=\"robots\" content=\"index, follow, max-snippet:-1, max-image-preview:large, max-video-preview:-1\" \/>\n<link rel=\"canonical\" href=\"https:\/\/laserenavegasaltas.org\/?p=4852\" \/>\n<meta property=\"og:locale\" content=\"es_ES\" \/>\n<meta property=\"og:type\" content=\"article\" \/>\n<meta property=\"og:title\" content=\"La Mancomunidad La Serena-Vegas Altas gestionar\u00e1 los Servicios Sociales de Base &quot;080 Vegas Altas III&quot;. - Mancomunidad Integral de Servicios La Serena-Vegas Altas\" \/>\n<meta property=\"og:description\" content=\"La Mancomunidad \u201cLa Serena-Vegas Altas\u201d gestionar\u00e1, a partir del 1 de enero de 2025, el servicio de atenci\u00f3n social b\u00e1sica \u201c080 Vegas Altas III\u201d para la [\u2026]\" \/>\n<meta property=\"og:url\" content=\"https:\/\/laserenavegasaltas.org\/?p=4852\" \/>\n<meta property=\"og:site_name\" content=\"Mancomunidad Integral de Servicios La Serena-Vegas Altas\" \/>\n<meta property=\"article:published_time\" content=\"2024-11-22T11:15:37+00:00\" \/>\n<meta property=\"article:modified_time\" content=\"2024-11-22T11:23:18+00:00\" \/>\n<meta property=\"og:image\" content=\"https:\/\/laserenavegasaltas.org\/\/wp-content\/uploads\/2024\/11\/TODOS.jpg\" \/>\n\t<meta property=\"og:image:width\" content=\"2000\" \/>\n\t<meta property=\"og:image:height\" content=\"1500\" \/>\n\t<meta property=\"og:image:type\" content=\"image\/jpeg\" \/>\n<meta name=\"author\" content=\"adminlaserena\" \/>\n<meta name=\"twitter:card\" content=\"summary_large_image\" \/>\n<meta name=\"twitter:label1\" content=\"Escrito por\" \/>\n\t<meta name=\"twitter:data1\" content=\"adminlaserena\" \/>\n\t<meta name=\"twitter:label2\" content=\"Tiempo de lectura\" \/>\n\t<meta name=\"twitter:data2\" content=\"1 minuto\" \/>\n<script type=\"application\/ld+json\" class=\"yoast-schema-graph\">{\"@context\":\"https:\/\/schema.org\",\"@graph\":[{\"@type\":\"WebPage\",\"@id\":\"https:\/\/laserenavegasaltas.org\/?p=4852\",\"url\":\"https:\/\/laserenavegasaltas.org\/?p=4852\",\"name\":\"La Mancomunidad La Serena-Vegas Altas gestionar\u00e1 los Servicios Sociales de Base \\\"080 Vegas Altas III\\\". - Mancomunidad Integral de Servicios La Serena-Vegas Altas\",\"isPartOf\":{\"@id\":\"https:\/\/laserenavegasaltas.org\/#website\"},\"primaryImageOfPage\":{\"@id\":\"https:\/\/laserenavegasaltas.org\/?p=4852#primaryimage\"},\"image\":{\"@id\":\"https:\/\/laserenavegasaltas.org\/?p=4852#primaryimage\"},\"thumbnailUrl\":\"https:\/\/laserenavegasaltas.org\/\/wp-content\/uploads\/2024\/11\/TODOS.jpg\",\"datePublished\":\"2024-11-22T11:15:37+00:00\",\"dateModified\":\"2024-11-22T11:23:18+00:00\",\"author\":{\"@id\":\"https:\/\/laserenavegasaltas.org\/#\/schema\/person\/7e539dcfd5a02c583c4d62ca800e2d0a\"},\"breadcrumb\":{\"@id\":\"https:\/\/laserenavegasaltas.org\/?p=4852#breadcrumb\"},\"inLanguage\":\"es\",\"potentialAction\":[{\"@type\":\"ReadAction\",\"target\":[\"https:\/\/laserenavegasaltas.org\/?p=4852\"]}]},{\"@type\":\"ImageObject\",\"inLanguage\":\"es\",\"@id\":\"https:\/\/laserenavegasaltas.org\/?p=4852#primaryimage\",\"url\":\"https:\/\/laserenavegasaltas.org\/\/wp-content\/uploads\/2024\/11\/TODOS.jpg\",\"contentUrl\":\"https:\/\/laserenavegasaltas.org\/\/wp-content\/uploads\/2024\/11\/TODOS.jpg\",\"width\":2000,\"height\":1500},{\"@type\":\"BreadcrumbList\",\"@id\":\"https:\/\/laserenavegasaltas.org\/?p=4852#breadcrumb\",\"itemListElement\":[{\"@type\":\"ListItem\",\"position\":1,\"name\":\"Portada\",\"item\":\"https:\/\/laserenavegasaltas.org\/\"},{\"@type\":\"ListItem\",\"position\":2,\"name\":\"La Mancomunidad La Serena-Vegas Altas gestionar\u00e1 los Servicios Sociales de Base \u00ab080 Vegas Altas III\u00bb.\"}]},{\"@type\":\"WebSite\",\"@id\":\"https:\/\/laserenavegasaltas.org\/#website\",\"url\":\"https:\/\/laserenavegasaltas.org\/\",\"name\":\"Mancomunidad Integral de Servicios La Serena-Vegas Altas\",\"description\":\"Mancomunidad Integral de Servicios La Serena-Vegas Altas\",\"potentialAction\":[{\"@type\":\"SearchAction\",\"target\":{\"@type\":\"EntryPoint\",\"urlTemplate\":\"https:\/\/laserenavegasaltas.org\/?s={search_term_string}\"},\"query-input\":{\"@type\":\"PropertyValueSpecification\",\"valueRequired\":true,\"valueName\":\"search_term_string\"}}],\"inLanguage\":\"es\"},{\"@type\":\"Person\",\"@id\":\"https:\/\/laserenavegasaltas.org\/#\/schema\/person\/7e539dcfd5a02c583c4d62ca800e2d0a\",\"name\":\"adminlaserena\",\"image\":{\"@type\":\"ImageObject\",\"inLanguage\":\"es\",\"@id\":\"https:\/\/laserenavegasaltas.org\/#\/schema\/person\/image\/\",\"url\":\"https:\/\/secure.gravatar.com\/avatar\/e8a6dd0bfa694b30f5479082b82802247d9a6768a68a3f10c8e6fc54b81e49b1?s=96&d=mm&r=g\",\"contentUrl\":\"https:\/\/secure.gravatar.com\/avatar\/e8a6dd0bfa694b30f5479082b82802247d9a6768a68a3f10c8e6fc54b81e49b1?s=96&d=mm&r=g\",\"caption\":\"adminlaserena\"},\"sameAs\":[\"http:\/\/laserenavegasaltas.org\"],\"url\":\"https:\/\/laserenavegasaltas.org\/?author=1\"}]}<\/script>\n<!-- \/ Yoast SEO plugin. -->","yoast_head_json":{"title":"La Mancomunidad La Serena-Vegas Altas gestionar\u00e1 los Servicios Sociales de Base \"080 Vegas Altas III\". - Mancomunidad Integral de Servicios La Serena-Vegas Altas","robots":{"index":"index","follow":"follow","max-snippet":"max-snippet:-1","max-image-preview":"max-image-preview:large","max-video-preview":"max-video-preview:-1"},"canonical":"https:\/\/laserenavegasaltas.org\/?p=4852","og_locale":"es_ES","og_type":"article","og_title":"La Mancomunidad La Serena-Vegas Altas gestionar\u00e1 los Servicios Sociales de Base \"080 Vegas Altas III\". - Mancomunidad Integral de Servicios La Serena-Vegas Altas","og_description":"La Mancomunidad \u201cLa Serena-Vegas Altas\u201d gestionar\u00e1, a partir del 1 de enero de 2025, el servicio de atenci\u00f3n social b\u00e1sica \u201c080 Vegas Altas III\u201d para la [\u2026]","og_url":"https:\/\/laserenavegasaltas.org\/?p=4852","og_site_name":"Mancomunidad Integral de Servicios La Serena-Vegas Altas","article_published_time":"2024-11-22T11:15:37+00:00","article_modified_time":"2024-11-22T11:23:18+00:00","og_image":[{"width":2000,"height":1500,"url":"https:\/\/laserenavegasaltas.org\/\/wp-content\/uploads\/2024\/11\/TODOS.jpg","type":"image\/jpeg"}],"author":"adminlaserena","twitter_card":"summary_large_image","twitter_misc":{"Escrito por":"adminlaserena","Tiempo de lectura":"1 minuto"},"schema":{"@context":"https:\/\/schema.org","@graph":[{"@type":"WebPage","@id":"https:\/\/laserenavegasaltas.org\/?p=4852","url":"https:\/\/laserenavegasaltas.org\/?p=4852","name":"La Mancomunidad La Serena-Vegas Altas gestionar\u00e1 los Servicios Sociales de Base \"080 Vegas Altas III\". - Mancomunidad Integral de Servicios La Serena-Vegas Altas","isPartOf":{"@id":"https:\/\/laserenavegasaltas.org\/#website"},"primaryImageOfPage":{"@id":"https:\/\/laserenavegasaltas.org\/?p=4852#primaryimage"},"image":{"@id":"https:\/\/laserenavegasaltas.org\/?p=4852#primaryimage"},"thumbnailUrl":"https:\/\/laserenavegasaltas.org\/\/wp-content\/uploads\/2024\/11\/TODOS.jpg","datePublished":"2024-11-22T11:15:37+00:00","dateModified":"2024-11-22T11:23:18+00:00","author":{"@id":"https:\/\/laserenavegasaltas.org\/#\/schema\/person\/7e539dcfd5a02c583c4d62ca800e2d0a"},"breadcrumb":{"@id":"https:\/\/laserenavegasaltas.org\/?p=4852#breadcrumb"},"inLanguage":"es","potentialAction":[{"@type":"ReadAction","target":["https:\/\/laserenavegasaltas.org\/?p=4852"]}]},{"@type":"ImageObject","inLanguage":"es","@id":"https:\/\/laserenavegasaltas.org\/?p=4852#primaryimage","url":"https:\/\/laserenavegasaltas.org\/\/wp-content\/uploads\/2024\/11\/TODOS.jpg","contentUrl":"https:\/\/laserenavegasaltas.org\/\/wp-content\/uploads\/2024\/11\/TODOS.jpg","width":2000,"height":1500},{"@type":"BreadcrumbList","@id":"https:\/\/laserenavegasaltas.org\/?p=4852#breadcrumb","itemListElement":[{"@type":"ListItem","position":1,"name":"Portada","item":"https:\/\/laserenavegasaltas.org\/"},{"@type":"ListItem","position":2,"name":"La Mancomunidad La Serena-Vegas Altas gestionar\u00e1 los Servicios Sociales de Base \u00ab080 Vegas Altas III\u00bb."}]},{"@type":"WebSite","@id":"https:\/\/laserenavegasaltas.org\/#website","url":"https:\/\/laserenavegasaltas.org\/","name":"Mancomunidad Integral de Servicios La Serena-Vegas Altas","description":"Mancomunidad Integral de Servicios La Serena-Vegas Altas","potentialAction":[{"@type":"SearchAction","target":{"@type":"EntryPoint","urlTemplate":"https:\/\/laserenavegasaltas.org\/?s={search_term_string}"},"query-input":{"@type":"PropertyValueSpecification","valueRequired":true,"valueName":"search_term_string"}}],"inLanguage":"es"},{"@type":"Person","@id":"https:\/\/laserenavegasaltas.org\/#\/schema\/person\/7e539dcfd5a02c583c4d62ca800e2d0a","name":"adminlaserena","image":{"@type":"ImageObject","inLanguage":"es","@id":"https:\/\/laserenavegasaltas.org\/#\/schema\/person\/image\/","url":"https:\/\/secure.gravatar.com\/avatar\/e8a6dd0bfa694b30f5479082b82802247d9a6768a68a3f10c8e6fc54b81e49b1?s=96&d=mm&r=g","contentUrl":"https:\/\/secure.gravatar.com\/avatar\/e8a6dd0bfa694b30f5479082b82802247d9a6768a68a3f10c8e6fc54b81e49b1?s=96&d=mm&r=g","caption":"adminlaserena"},"sameAs":["http:\/\/laserenavegasaltas.org"],"url":"https:\/\/laserenavegasaltas.org\/?author=1"}]}},"_links":{"self":[{"href":"https:\/\/laserenavegasaltas.org\/index.php?rest_route=\/wp\/v2\/posts\/4852","targetHints":{"allow":["GET"]}}],"collection":[{"href":"https:\/\/laserenavegasaltas.org\/index.php?rest_route=\/wp\/v2\/posts"}],"about":[{"href":"https:\/\/laserenavegasaltas.org\/index.php?rest_route=\/wp\/v2\/types\/post"}],"author":[{"embeddable":true,"href":"https:\/\/laserenavegasaltas.org\/index.php?rest_route=\/wp\/v2\/users\/1"}],"replies":[{"embeddable":true,"href":"https:\/\/laserenavegasaltas.org\/index.php?rest_route=%2Fwp%2Fv2%2Fcomments&post=4852"}],"version-history":[{"count":1,"href":"https:\/\/laserenavegasaltas.org\/index.php?rest_route=\/wp\/v2\/posts\/4852\/revisions"}],"predecessor-version":[{"id":4854,"href":"https:\/\/laserenavegasaltas.org\/index.php?rest_route=\/wp\/v2\/posts\/4852\/revisions\/4854"}],"wp:featuredmedia":[{"embeddable":true,"href":"https:\/\/laserenavegasaltas.org\/index.php?rest_route=\/wp\/v2\/media\/4853"}],"wp:attachment":[{"href":"https:\/\/laserenavegasaltas.org\/index.php?rest_route=%2Fwp%2Fv2%2Fmedia&parent=4852"}],"wp:term":[{"taxonomy":"category","embeddable":true,"href":"https:\/\/laserenavegasaltas.org\/index.php?rest_route=%2Fwp%2Fv2%2Fcategories&post=4852"},{"taxonomy":"post_tag","embeddable":true,"href":"https:\/\/laserenavegasaltas.org\/index.php?rest_route=%2Fwp%2Fv2%2Ftags&post=4852"}],"curies":[{"name":"wp","href":"https:\/\/api.w.org\/{rel}","templated":true}]}}