{"id":4855,"date":"2024-11-25T08:25:56","date_gmt":"2024-11-25T07:25:56","guid":{"rendered":"https:\/\/laserenavegasaltas.org\/?p=4855"},"modified":"2024-11-25T08:26:27","modified_gmt":"2024-11-25T07:26:27","slug":"resolucion-de-14-de-noviembre-de-2024-de-la-secretaria-general-de-servicios-sociales-inclusion-infancia-y-familia-por-la-que-se-modifica-la-organizacion-de-los-servicios-sociales-de-atencion-socia","status":"publish","type":"post","link":"https:\/\/laserenavegasaltas.org\/?p=4855","title":{"rendered":"RESOLUCI\u00d3N de 14 de noviembre de 2024, de la Secretar\u00eda General de Servicios Sociales, Inclusi\u00f3n, Infancia y Familia, por la que se modifica la organizaci\u00f3n de los servicios sociales de atenci\u00f3n social b\u00e1sica y del n\u00famero de profesionales para la prestaci\u00f3n de informaci\u00f3n, valoraci\u00f3n y orientaci\u00f3n."},"content":{"rendered":"<p>&nbsp;<\/p>\n<p><a href=\"https:\/\/laserenavegasaltas.org\/\/wp-content\/uploads\/2024\/11\/DOE-n.o-228-22-noviembre-2024.pdf\">DOE n.\u00ba 228 22-noviembre-2024<\/a><\/p>\n","protected":false},"excerpt":{"rendered":"<p>&nbsp; DOE n.\u00ba 228 22-noviembre-2024<\/p>\n","protected":false},"author":1,"featured_media":0,"comment_status":"closed","ping_status":"open","sticky":false,"template":"","format":"standard","meta":{"footnotes":""},"categories":[16],"tags":[],"class_list":["post-4855","post","type-post","status-publish","format-standard","hentry","category-tablon-de-anuncios"],"yoast_head":"<!-- This site is optimized with the Yoast SEO plugin v25.5 - https:\/\/yoast.com\/wordpress\/plugins\/seo\/ -->\n<title>RESOLUCI\u00d3N de 14 de noviembre de 2024, de la Secretar\u00eda General de Servicios Sociales, Inclusi\u00f3n, Infancia y Familia, por la que se modifica la organizaci\u00f3n de los servicios sociales de atenci\u00f3n social b\u00e1sica y del n\u00famero de profesionales para la prestaci\u00f3n de informaci\u00f3n, valoraci\u00f3n y orientaci\u00f3n. - Mancomunidad Integral de Servicios La Serena-Vegas Altas<\/title>\n<meta name=\"robots\" content=\"index, follow, max-snippet:-1, max-image-preview:large, max-video-preview:-1\" \/>\n<link rel=\"canonical\" href=\"https:\/\/laserenavegasaltas.org\/?p=4855\" \/>\n<meta property=\"og:locale\" content=\"es_ES\" \/>\n<meta property=\"og:type\" content=\"article\" \/>\n<meta property=\"og:title\" content=\"RESOLUCI\u00d3N de 14 de noviembre de 2024, de la Secretar\u00eda General de Servicios Sociales, Inclusi\u00f3n, Infancia y Familia, por la que se modifica la organizaci\u00f3n de los servicios sociales de atenci\u00f3n social b\u00e1sica y del n\u00famero de profesionales para la prestaci\u00f3n de informaci\u00f3n, valoraci\u00f3n y orientaci\u00f3n. - Mancomunidad Integral de Servicios La Serena-Vegas Altas\" \/>\n<meta property=\"og:description\" content=\"&nbsp; DOE n.\u00ba 228 22-noviembre-2024\" \/>\n<meta property=\"og:url\" content=\"https:\/\/laserenavegasaltas.org\/?p=4855\" \/>\n<meta property=\"og:site_name\" content=\"Mancomunidad Integral de Servicios La Serena-Vegas Altas\" \/>\n<meta property=\"article:published_time\" content=\"2024-11-25T07:25:56+00:00\" \/>\n<meta property=\"article:modified_time\" content=\"2024-11-25T07:26:27+00:00\" \/>\n<meta name=\"author\" content=\"adminlaserena\" \/>\n<meta name=\"twitter:card\" content=\"summary_large_image\" \/>\n<meta name=\"twitter:label1\" content=\"Escrito por\" \/>\n\t<meta name=\"twitter:data1\" content=\"adminlaserena\" \/>\n\t<meta name=\"twitter:label2\" content=\"Tiempo de lectura\" \/>\n\t<meta name=\"twitter:data2\" content=\"1 minuto\" \/>\n<script type=\"application\/ld+json\" class=\"yoast-schema-graph\">{\"@context\":\"https:\/\/schema.org\",\"@graph\":[{\"@type\":\"WebPage\",\"@id\":\"https:\/\/laserenavegasaltas.org\/?p=4855\",\"url\":\"https:\/\/laserenavegasaltas.org\/?p=4855\",\"name\":\"RESOLUCI\u00d3N de 14 de noviembre de 2024, de la Secretar\u00eda General de Servicios Sociales, Inclusi\u00f3n, Infancia y Familia, por la que se modifica la organizaci\u00f3n de los servicios sociales de atenci\u00f3n social b\u00e1sica y del n\u00famero de profesionales para la prestaci\u00f3n de informaci\u00f3n, valoraci\u00f3n y orientaci\u00f3n. - Mancomunidad Integral de Servicios La Serena-Vegas Altas\",\"isPartOf\":{\"@id\":\"https:\/\/laserenavegasaltas.org\/#website\"},\"datePublished\":\"2024-11-25T07:25:56+00:00\",\"dateModified\":\"2024-11-25T07:26:27+00:00\",\"author\":{\"@id\":\"https:\/\/laserenavegasaltas.org\/#\/schema\/person\/7e539dcfd5a02c583c4d62ca800e2d0a\"},\"breadcrumb\":{\"@id\":\"https:\/\/laserenavegasaltas.org\/?p=4855#breadcrumb\"},\"inLanguage\":\"es\",\"potentialAction\":[{\"@type\":\"ReadAction\",\"target\":[\"https:\/\/laserenavegasaltas.org\/?p=4855\"]}]},{\"@type\":\"BreadcrumbList\",\"@id\":\"https:\/\/laserenavegasaltas.org\/?p=4855#breadcrumb\",\"itemListElement\":[{\"@type\":\"ListItem\",\"position\":1,\"name\":\"Portada\",\"item\":\"https:\/\/laserenavegasaltas.org\/\"},{\"@type\":\"ListItem\",\"position\":2,\"name\":\"RESOLUCI\u00d3N de 14 de noviembre de 2024, de la Secretar\u00eda General de Servicios Sociales, Inclusi\u00f3n, Infancia y Familia, por la que se modifica la organizaci\u00f3n de los servicios sociales de atenci\u00f3n social b\u00e1sica y del n\u00famero de profesionales para la prestaci\u00f3n de informaci\u00f3n, valoraci\u00f3n y orientaci\u00f3n.\"}]},{\"@type\":\"WebSite\",\"@id\":\"https:\/\/laserenavegasaltas.org\/#website\",\"url\":\"https:\/\/laserenavegasaltas.org\/\",\"name\":\"Mancomunidad Integral de Servicios La Serena-Vegas Altas\",\"description\":\"Mancomunidad Integral de Servicios La Serena-Vegas Altas\",\"potentialAction\":[{\"@type\":\"SearchAction\",\"target\":{\"@type\":\"EntryPoint\",\"urlTemplate\":\"https:\/\/laserenavegasaltas.org\/?s={search_term_string}\"},\"query-input\":{\"@type\":\"PropertyValueSpecification\",\"valueRequired\":true,\"valueName\":\"search_term_string\"}}],\"inLanguage\":\"es\"},{\"@type\":\"Person\",\"@id\":\"https:\/\/laserenavegasaltas.org\/#\/schema\/person\/7e539dcfd5a02c583c4d62ca800e2d0a\",\"name\":\"adminlaserena\",\"image\":{\"@type\":\"ImageObject\",\"inLanguage\":\"es\",\"@id\":\"https:\/\/laserenavegasaltas.org\/#\/schema\/person\/image\/\",\"url\":\"https:\/\/secure.gravatar.com\/avatar\/e8a6dd0bfa694b30f5479082b82802247d9a6768a68a3f10c8e6fc54b81e49b1?s=96&d=mm&r=g\",\"contentUrl\":\"https:\/\/secure.gravatar.com\/avatar\/e8a6dd0bfa694b30f5479082b82802247d9a6768a68a3f10c8e6fc54b81e49b1?s=96&d=mm&r=g\",\"caption\":\"adminlaserena\"},\"sameAs\":[\"http:\/\/laserenavegasaltas.org\"],\"url\":\"https:\/\/laserenavegasaltas.org\/?author=1\"}]}<\/script>\n<!-- \/ Yoast SEO plugin. -->","yoast_head_json":{"title":"RESOLUCI\u00d3N de 14 de noviembre de 2024, de la Secretar\u00eda General de Servicios Sociales, Inclusi\u00f3n, Infancia y Familia, por la que se modifica la organizaci\u00f3n de los servicios sociales de atenci\u00f3n social b\u00e1sica y del n\u00famero de profesionales para la prestaci\u00f3n de informaci\u00f3n, valoraci\u00f3n y orientaci\u00f3n. - Mancomunidad Integral de Servicios La Serena-Vegas Altas","robots":{"index":"index","follow":"follow","max-snippet":"max-snippet:-1","max-image-preview":"max-image-preview:large","max-video-preview":"max-video-preview:-1"},"canonical":"https:\/\/laserenavegasaltas.org\/?p=4855","og_locale":"es_ES","og_type":"article","og_title":"RESOLUCI\u00d3N de 14 de noviembre de 2024, de la Secretar\u00eda General de Servicios Sociales, Inclusi\u00f3n, Infancia y Familia, por la que se modifica la organizaci\u00f3n de los servicios sociales de atenci\u00f3n social b\u00e1sica y del n\u00famero de profesionales para la prestaci\u00f3n de informaci\u00f3n, valoraci\u00f3n y orientaci\u00f3n. - Mancomunidad Integral de Servicios La Serena-Vegas Altas","og_description":"&nbsp; DOE n.\u00ba 228 22-noviembre-2024","og_url":"https:\/\/laserenavegasaltas.org\/?p=4855","og_site_name":"Mancomunidad Integral de Servicios La Serena-Vegas Altas","article_published_time":"2024-11-25T07:25:56+00:00","article_modified_time":"2024-11-25T07:26:27+00:00","author":"adminlaserena","twitter_card":"summary_large_image","twitter_misc":{"Escrito por":"adminlaserena","Tiempo de lectura":"1 minuto"},"schema":{"@context":"https:\/\/schema.org","@graph":[{"@type":"WebPage","@id":"https:\/\/laserenavegasaltas.org\/?p=4855","url":"https:\/\/laserenavegasaltas.org\/?p=4855","name":"RESOLUCI\u00d3N de 14 de noviembre de 2024, de la Secretar\u00eda General de Servicios Sociales, Inclusi\u00f3n, Infancia y Familia, por la que se modifica la organizaci\u00f3n de los servicios sociales de atenci\u00f3n social b\u00e1sica y del n\u00famero de profesionales para la prestaci\u00f3n de informaci\u00f3n, valoraci\u00f3n y orientaci\u00f3n. - Mancomunidad Integral de Servicios La Serena-Vegas Altas","isPartOf":{"@id":"https:\/\/laserenavegasaltas.org\/#website"},"datePublished":"2024-11-25T07:25:56+00:00","dateModified":"2024-11-25T07:26:27+00:00","author":{"@id":"https:\/\/laserenavegasaltas.org\/#\/schema\/person\/7e539dcfd5a02c583c4d62ca800e2d0a"},"breadcrumb":{"@id":"https:\/\/laserenavegasaltas.org\/?p=4855#breadcrumb"},"inLanguage":"es","potentialAction":[{"@type":"ReadAction","target":["https:\/\/laserenavegasaltas.org\/?p=4855"]}]},{"@type":"BreadcrumbList","@id":"https:\/\/laserenavegasaltas.org\/?p=4855#breadcrumb","itemListElement":[{"@type":"ListItem","position":1,"name":"Portada","item":"https:\/\/laserenavegasaltas.org\/"},{"@type":"ListItem","position":2,"name":"RESOLUCI\u00d3N de 14 de noviembre de 2024, de la Secretar\u00eda General de Servicios Sociales, Inclusi\u00f3n, Infancia y Familia, por la que se modifica la organizaci\u00f3n de los servicios sociales de atenci\u00f3n social b\u00e1sica y del n\u00famero de profesionales para la prestaci\u00f3n de informaci\u00f3n, valoraci\u00f3n y orientaci\u00f3n."}]},{"@type":"WebSite","@id":"https:\/\/laserenavegasaltas.org\/#website","url":"https:\/\/laserenavegasaltas.org\/","name":"Mancomunidad Integral de Servicios La Serena-Vegas Altas","description":"Mancomunidad Integral de Servicios La Serena-Vegas Altas","potentialAction":[{"@type":"SearchAction","target":{"@type":"EntryPoint","urlTemplate":"https:\/\/laserenavegasaltas.org\/?s={search_term_string}"},"query-input":{"@type":"PropertyValueSpecification","valueRequired":true,"valueName":"search_term_string"}}],"inLanguage":"es"},{"@type":"Person","@id":"https:\/\/laserenavegasaltas.org\/#\/schema\/person\/7e539dcfd5a02c583c4d62ca800e2d0a","name":"adminlaserena","image":{"@type":"ImageObject","inLanguage":"es","@id":"https:\/\/laserenavegasaltas.org\/#\/schema\/person\/image\/","url":"https:\/\/secure.gravatar.com\/avatar\/e8a6dd0bfa694b30f5479082b82802247d9a6768a68a3f10c8e6fc54b81e49b1?s=96&d=mm&r=g","contentUrl":"https:\/\/secure.gravatar.com\/avatar\/e8a6dd0bfa694b30f5479082b82802247d9a6768a68a3f10c8e6fc54b81e49b1?s=96&d=mm&r=g","caption":"adminlaserena"},"sameAs":["http:\/\/laserenavegasaltas.org"],"url":"https:\/\/laserenavegasaltas.org\/?author=1"}]}},"_links":{"self":[{"href":"https:\/\/laserenavegasaltas.org\/index.php?rest_route=\/wp\/v2\/posts\/4855","targetHints":{"allow":["GET"]}}],"collection":[{"href":"https:\/\/laserenavegasaltas.org\/index.php?rest_route=\/wp\/v2\/posts"}],"about":[{"href":"https:\/\/laserenavegasaltas.org\/index.php?rest_route=\/wp\/v2\/types\/post"}],"author":[{"embeddable":true,"href":"https:\/\/laserenavegasaltas.org\/index.php?rest_route=\/wp\/v2\/users\/1"}],"replies":[{"embeddable":true,"href":"https:\/\/laserenavegasaltas.org\/index.php?rest_route=%2Fwp%2Fv2%2Fcomments&post=4855"}],"version-history":[{"count":1,"href":"https:\/\/laserenavegasaltas.org\/index.php?rest_route=\/wp\/v2\/posts\/4855\/revisions"}],"predecessor-version":[{"id":4857,"href":"https:\/\/laserenavegasaltas.org\/index.php?rest_route=\/wp\/v2\/posts\/4855\/revisions\/4857"}],"wp:attachment":[{"href":"https:\/\/laserenavegasaltas.org\/index.php?rest_route=%2Fwp%2Fv2%2Fmedia&parent=4855"}],"wp:term":[{"taxonomy":"category","embeddable":true,"href":"https:\/\/laserenavegasaltas.org\/index.php?rest_route=%2Fwp%2Fv2%2Fcategories&post=4855"},{"taxonomy":"post_tag","embeddable":true,"href":"https:\/\/laserenavegasaltas.org\/index.php?rest_route=%2Fwp%2Fv2%2Ftags&post=4855"}],"curies":[{"name":"wp","href":"https:\/\/api.w.org\/{rel}","templated":true}]}}