{"id":4873,"date":"2024-12-03T11:46:13","date_gmt":"2024-12-03T10:46:13","guid":{"rendered":"https:\/\/laserenavegasaltas.org\/?p=4873"},"modified":"2024-12-03T11:46:50","modified_gmt":"2024-12-03T10:46:50","slug":"asamblea-extraordinaria-y-urgente-y-consejo-consultivo-de-alcaldias","status":"publish","type":"post","link":"https:\/\/laserenavegasaltas.org\/?p=4873","title":{"rendered":"Asamblea Extraordinaria y Urgente y Consejo Consultivo de Alcald\u00edas."},"content":{"rendered":"<div class=\"xdj266r x11i5rnm xat24cr x1mh8g0r x1vvkbs x126k92a\">\n<div dir=\"auto\"><\/div>\n<\/div>\n<div class=\"x11i5rnm xat24cr x1mh8g0r x1vvkbs xtlvy1s x126k92a\">\n<div dir=\"auto\">En la ma\u00f1ana de lunes, 2 de diciembre, han tenido lugar en el Centro Muse\u00edstico \u201cCharo Acero\u201d de Villanueva de la Serena, la celebraci\u00f3n de Asamblea extraordinaria y urgente, presidida por el Presidente de la Mancomunidad y Alcalde de Navalvillar de Pela, Francisco Javier Fern\u00e1ndez Cano, con la asistencia Alcaldesa de Villanueva de la Serena, Ana Bel\u00e9n Fern\u00e1ndez , as\u00ed como un Consejo Consultivo de Alcald\u00edas, para abordar, este \u00f3rgano colegiado, temas como algunos aspectos del presupuesto para el ejercicio de 2025, la inminente puesta en marcha de la Oficina T\u00e9cnica de Urbanismo y Desarrollo Territorial Sostenible (OTUDTS) y su funcionamiento, la incorporaci\u00f3n a la Mancomunidad de Acedera y Los Guadalperales, municipios que ya formaron parte en su d\u00eda y han vuelto a solicitar su incorporaci\u00f3n a la entidad, as\u00ed como el funcionamiento de los servicios en general.<\/div>\n<\/div>\n","protected":false},"excerpt":{"rendered":"<p>En la ma\u00f1ana de lunes, 2 de diciembre, han tenido lugar en el Centro Muse\u00edstico \u201cCharo Acero\u201d de Villanueva de la Serena, la celebraci\u00f3n de Asamblea<span class=\"excerpt-hellip\"> [\u2026]<\/span><\/p>\n","protected":false},"author":1,"featured_media":4874,"comment_status":"closed","ping_status":"open","sticky":false,"template":"","format":"standard","meta":{"footnotes":""},"categories":[7],"tags":[],"class_list":["post-4873","post","type-post","status-publish","format-standard","has-post-thumbnail","hentry","category-noticias"],"yoast_head":"<!-- This site is optimized with the Yoast SEO plugin v25.5 - https:\/\/yoast.com\/wordpress\/plugins\/seo\/ -->\n<title>Asamblea Extraordinaria y Urgente y Consejo Consultivo de Alcald\u00edas. - Mancomunidad Integral de Servicios La Serena-Vegas Altas<\/title>\n<meta name=\"robots\" content=\"index, follow, max-snippet:-1, max-image-preview:large, max-video-preview:-1\" \/>\n<link rel=\"canonical\" href=\"https:\/\/laserenavegasaltas.org\/?p=4873\" \/>\n<meta property=\"og:locale\" content=\"es_ES\" \/>\n<meta property=\"og:type\" content=\"article\" \/>\n<meta property=\"og:title\" content=\"Asamblea Extraordinaria y Urgente y Consejo Consultivo de Alcald\u00edas. - Mancomunidad Integral de Servicios La Serena-Vegas Altas\" \/>\n<meta property=\"og:description\" content=\"En la ma\u00f1ana de lunes, 2 de diciembre, han tenido lugar en el Centro Muse\u00edstico \u201cCharo Acero\u201d de Villanueva de la Serena, la celebraci\u00f3n de Asamblea [\u2026]\" \/>\n<meta property=\"og:url\" content=\"https:\/\/laserenavegasaltas.org\/?p=4873\" \/>\n<meta property=\"og:site_name\" content=\"Mancomunidad Integral de Servicios La Serena-Vegas Altas\" \/>\n<meta property=\"article:published_time\" content=\"2024-12-03T10:46:13+00:00\" \/>\n<meta property=\"article:modified_time\" content=\"2024-12-03T10:46:50+00:00\" \/>\n<meta property=\"og:image\" content=\"https:\/\/laserenavegasaltas.org\/\/wp-content\/uploads\/2024\/12\/468613209_468661316249719_3297571158232694123_n.jpg\" \/>\n\t<meta property=\"og:image:width\" content=\"2048\" \/>\n\t<meta property=\"og:image:height\" content=\"1365\" \/>\n\t<meta property=\"og:image:type\" content=\"image\/jpeg\" \/>\n<meta name=\"author\" content=\"adminlaserena\" \/>\n<meta name=\"twitter:card\" content=\"summary_large_image\" \/>\n<meta name=\"twitter:label1\" content=\"Escrito por\" \/>\n\t<meta name=\"twitter:data1\" content=\"adminlaserena\" \/>\n\t<meta name=\"twitter:label2\" content=\"Tiempo de lectura\" \/>\n\t<meta name=\"twitter:data2\" content=\"1 minuto\" \/>\n<script type=\"application\/ld+json\" class=\"yoast-schema-graph\">{\"@context\":\"https:\/\/schema.org\",\"@graph\":[{\"@type\":\"WebPage\",\"@id\":\"https:\/\/laserenavegasaltas.org\/?p=4873\",\"url\":\"https:\/\/laserenavegasaltas.org\/?p=4873\",\"name\":\"Asamblea Extraordinaria y Urgente y Consejo Consultivo de Alcald\u00edas. - Mancomunidad Integral de Servicios La Serena-Vegas Altas\",\"isPartOf\":{\"@id\":\"https:\/\/laserenavegasaltas.org\/#website\"},\"primaryImageOfPage\":{\"@id\":\"https:\/\/laserenavegasaltas.org\/?p=4873#primaryimage\"},\"image\":{\"@id\":\"https:\/\/laserenavegasaltas.org\/?p=4873#primaryimage\"},\"thumbnailUrl\":\"https:\/\/laserenavegasaltas.org\/\/wp-content\/uploads\/2024\/12\/468613209_468661316249719_3297571158232694123_n.jpg\",\"datePublished\":\"2024-12-03T10:46:13+00:00\",\"dateModified\":\"2024-12-03T10:46:50+00:00\",\"author\":{\"@id\":\"https:\/\/laserenavegasaltas.org\/#\/schema\/person\/7e539dcfd5a02c583c4d62ca800e2d0a\"},\"breadcrumb\":{\"@id\":\"https:\/\/laserenavegasaltas.org\/?p=4873#breadcrumb\"},\"inLanguage\":\"es\",\"potentialAction\":[{\"@type\":\"ReadAction\",\"target\":[\"https:\/\/laserenavegasaltas.org\/?p=4873\"]}]},{\"@type\":\"ImageObject\",\"inLanguage\":\"es\",\"@id\":\"https:\/\/laserenavegasaltas.org\/?p=4873#primaryimage\",\"url\":\"https:\/\/laserenavegasaltas.org\/\/wp-content\/uploads\/2024\/12\/468613209_468661316249719_3297571158232694123_n.jpg\",\"contentUrl\":\"https:\/\/laserenavegasaltas.org\/\/wp-content\/uploads\/2024\/12\/468613209_468661316249719_3297571158232694123_n.jpg\",\"width\":2048,\"height\":1365},{\"@type\":\"BreadcrumbList\",\"@id\":\"https:\/\/laserenavegasaltas.org\/?p=4873#breadcrumb\",\"itemListElement\":[{\"@type\":\"ListItem\",\"position\":1,\"name\":\"Portada\",\"item\":\"https:\/\/laserenavegasaltas.org\/\"},{\"@type\":\"ListItem\",\"position\":2,\"name\":\"Asamblea Extraordinaria y Urgente y Consejo Consultivo de Alcald\u00edas.\"}]},{\"@type\":\"WebSite\",\"@id\":\"https:\/\/laserenavegasaltas.org\/#website\",\"url\":\"https:\/\/laserenavegasaltas.org\/\",\"name\":\"Mancomunidad Integral de Servicios La Serena-Vegas Altas\",\"description\":\"Mancomunidad Integral de Servicios La Serena-Vegas Altas\",\"potentialAction\":[{\"@type\":\"SearchAction\",\"target\":{\"@type\":\"EntryPoint\",\"urlTemplate\":\"https:\/\/laserenavegasaltas.org\/?s={search_term_string}\"},\"query-input\":{\"@type\":\"PropertyValueSpecification\",\"valueRequired\":true,\"valueName\":\"search_term_string\"}}],\"inLanguage\":\"es\"},{\"@type\":\"Person\",\"@id\":\"https:\/\/laserenavegasaltas.org\/#\/schema\/person\/7e539dcfd5a02c583c4d62ca800e2d0a\",\"name\":\"adminlaserena\",\"image\":{\"@type\":\"ImageObject\",\"inLanguage\":\"es\",\"@id\":\"https:\/\/laserenavegasaltas.org\/#\/schema\/person\/image\/\",\"url\":\"https:\/\/secure.gravatar.com\/avatar\/e8a6dd0bfa694b30f5479082b82802247d9a6768a68a3f10c8e6fc54b81e49b1?s=96&d=mm&r=g\",\"contentUrl\":\"https:\/\/secure.gravatar.com\/avatar\/e8a6dd0bfa694b30f5479082b82802247d9a6768a68a3f10c8e6fc54b81e49b1?s=96&d=mm&r=g\",\"caption\":\"adminlaserena\"},\"sameAs\":[\"http:\/\/laserenavegasaltas.org\"],\"url\":\"https:\/\/laserenavegasaltas.org\/?author=1\"}]}<\/script>\n<!-- \/ Yoast SEO plugin. -->","yoast_head_json":{"title":"Asamblea Extraordinaria y Urgente y Consejo Consultivo de Alcald\u00edas. - Mancomunidad Integral de Servicios La Serena-Vegas Altas","robots":{"index":"index","follow":"follow","max-snippet":"max-snippet:-1","max-image-preview":"max-image-preview:large","max-video-preview":"max-video-preview:-1"},"canonical":"https:\/\/laserenavegasaltas.org\/?p=4873","og_locale":"es_ES","og_type":"article","og_title":"Asamblea Extraordinaria y Urgente y Consejo Consultivo de Alcald\u00edas. - Mancomunidad Integral de Servicios La Serena-Vegas Altas","og_description":"En la ma\u00f1ana de lunes, 2 de diciembre, han tenido lugar en el Centro Muse\u00edstico \u201cCharo Acero\u201d de Villanueva de la Serena, la celebraci\u00f3n de Asamblea [\u2026]","og_url":"https:\/\/laserenavegasaltas.org\/?p=4873","og_site_name":"Mancomunidad Integral de Servicios La Serena-Vegas Altas","article_published_time":"2024-12-03T10:46:13+00:00","article_modified_time":"2024-12-03T10:46:50+00:00","og_image":[{"width":2048,"height":1365,"url":"https:\/\/laserenavegasaltas.org\/\/wp-content\/uploads\/2024\/12\/468613209_468661316249719_3297571158232694123_n.jpg","type":"image\/jpeg"}],"author":"adminlaserena","twitter_card":"summary_large_image","twitter_misc":{"Escrito por":"adminlaserena","Tiempo de lectura":"1 minuto"},"schema":{"@context":"https:\/\/schema.org","@graph":[{"@type":"WebPage","@id":"https:\/\/laserenavegasaltas.org\/?p=4873","url":"https:\/\/laserenavegasaltas.org\/?p=4873","name":"Asamblea Extraordinaria y Urgente y Consejo Consultivo de Alcald\u00edas. - Mancomunidad Integral de Servicios La Serena-Vegas Altas","isPartOf":{"@id":"https:\/\/laserenavegasaltas.org\/#website"},"primaryImageOfPage":{"@id":"https:\/\/laserenavegasaltas.org\/?p=4873#primaryimage"},"image":{"@id":"https:\/\/laserenavegasaltas.org\/?p=4873#primaryimage"},"thumbnailUrl":"https:\/\/laserenavegasaltas.org\/\/wp-content\/uploads\/2024\/12\/468613209_468661316249719_3297571158232694123_n.jpg","datePublished":"2024-12-03T10:46:13+00:00","dateModified":"2024-12-03T10:46:50+00:00","author":{"@id":"https:\/\/laserenavegasaltas.org\/#\/schema\/person\/7e539dcfd5a02c583c4d62ca800e2d0a"},"breadcrumb":{"@id":"https:\/\/laserenavegasaltas.org\/?p=4873#breadcrumb"},"inLanguage":"es","potentialAction":[{"@type":"ReadAction","target":["https:\/\/laserenavegasaltas.org\/?p=4873"]}]},{"@type":"ImageObject","inLanguage":"es","@id":"https:\/\/laserenavegasaltas.org\/?p=4873#primaryimage","url":"https:\/\/laserenavegasaltas.org\/\/wp-content\/uploads\/2024\/12\/468613209_468661316249719_3297571158232694123_n.jpg","contentUrl":"https:\/\/laserenavegasaltas.org\/\/wp-content\/uploads\/2024\/12\/468613209_468661316249719_3297571158232694123_n.jpg","width":2048,"height":1365},{"@type":"BreadcrumbList","@id":"https:\/\/laserenavegasaltas.org\/?p=4873#breadcrumb","itemListElement":[{"@type":"ListItem","position":1,"name":"Portada","item":"https:\/\/laserenavegasaltas.org\/"},{"@type":"ListItem","position":2,"name":"Asamblea Extraordinaria y Urgente y Consejo Consultivo de Alcald\u00edas."}]},{"@type":"WebSite","@id":"https:\/\/laserenavegasaltas.org\/#website","url":"https:\/\/laserenavegasaltas.org\/","name":"Mancomunidad Integral de Servicios La Serena-Vegas Altas","description":"Mancomunidad Integral de Servicios La Serena-Vegas Altas","potentialAction":[{"@type":"SearchAction","target":{"@type":"EntryPoint","urlTemplate":"https:\/\/laserenavegasaltas.org\/?s={search_term_string}"},"query-input":{"@type":"PropertyValueSpecification","valueRequired":true,"valueName":"search_term_string"}}],"inLanguage":"es"},{"@type":"Person","@id":"https:\/\/laserenavegasaltas.org\/#\/schema\/person\/7e539dcfd5a02c583c4d62ca800e2d0a","name":"adminlaserena","image":{"@type":"ImageObject","inLanguage":"es","@id":"https:\/\/laserenavegasaltas.org\/#\/schema\/person\/image\/","url":"https:\/\/secure.gravatar.com\/avatar\/e8a6dd0bfa694b30f5479082b82802247d9a6768a68a3f10c8e6fc54b81e49b1?s=96&d=mm&r=g","contentUrl":"https:\/\/secure.gravatar.com\/avatar\/e8a6dd0bfa694b30f5479082b82802247d9a6768a68a3f10c8e6fc54b81e49b1?s=96&d=mm&r=g","caption":"adminlaserena"},"sameAs":["http:\/\/laserenavegasaltas.org"],"url":"https:\/\/laserenavegasaltas.org\/?author=1"}]}},"_links":{"self":[{"href":"https:\/\/laserenavegasaltas.org\/index.php?rest_route=\/wp\/v2\/posts\/4873","targetHints":{"allow":["GET"]}}],"collection":[{"href":"https:\/\/laserenavegasaltas.org\/index.php?rest_route=\/wp\/v2\/posts"}],"about":[{"href":"https:\/\/laserenavegasaltas.org\/index.php?rest_route=\/wp\/v2\/types\/post"}],"author":[{"embeddable":true,"href":"https:\/\/laserenavegasaltas.org\/index.php?rest_route=\/wp\/v2\/users\/1"}],"replies":[{"embeddable":true,"href":"https:\/\/laserenavegasaltas.org\/index.php?rest_route=%2Fwp%2Fv2%2Fcomments&post=4873"}],"version-history":[{"count":1,"href":"https:\/\/laserenavegasaltas.org\/index.php?rest_route=\/wp\/v2\/posts\/4873\/revisions"}],"predecessor-version":[{"id":4875,"href":"https:\/\/laserenavegasaltas.org\/index.php?rest_route=\/wp\/v2\/posts\/4873\/revisions\/4875"}],"wp:featuredmedia":[{"embeddable":true,"href":"https:\/\/laserenavegasaltas.org\/index.php?rest_route=\/wp\/v2\/media\/4874"}],"wp:attachment":[{"href":"https:\/\/laserenavegasaltas.org\/index.php?rest_route=%2Fwp%2Fv2%2Fmedia&parent=4873"}],"wp:term":[{"taxonomy":"category","embeddable":true,"href":"https:\/\/laserenavegasaltas.org\/index.php?rest_route=%2Fwp%2Fv2%2Fcategories&post=4873"},{"taxonomy":"post_tag","embeddable":true,"href":"https:\/\/laserenavegasaltas.org\/index.php?rest_route=%2Fwp%2Fv2%2Ftags&post=4873"}],"curies":[{"name":"wp","href":"https:\/\/api.w.org\/{rel}","templated":true}]}}