{"id":4876,"date":"2024-12-03T11:59:49","date_gmt":"2024-12-03T10:59:49","guid":{"rendered":"https:\/\/laserenavegasaltas.org\/?p=4876"},"modified":"2024-12-03T11:59:56","modified_gmt":"2024-12-03T10:59:56","slug":"carrera-san-silvestre-solidaria-de-zurbaran-2024-a-favor-de-proines","status":"publish","type":"post","link":"https:\/\/laserenavegasaltas.org\/?p=4876","title":{"rendered":"Carrera  \u00abSan Silvestre  Solidaria de Zurbar\u00e1n 2024\u00bb a favor de PROINES."},"content":{"rendered":"<p>El Servicio de Dinamizaci\u00f3n Deportiva de la Mancomunidad La Serena-Vegas Altas colabora con el Ayuntamiento de Zurbar\u00e1n en la organizaci\u00f3n de la tradicional SAN SILVESTRE SOLIDARIA DE ZURBAR\u00c1N 2024 que tendr\u00e1 lugar el 13 de diciembre en el municipio.<br \/>\nEste a\u00f1o se realiza a favor de PROINES, Salud Mental Don Benito.<\/p>\n<p>An\u00edmate a participar en la carrera:<br \/>\n\u00abSAN SILVESTRE SOLIDARIA DE ZURBAR\u00c1N 2024\u00bb<\/p>\n<p>Las inscripciones pueden realizarse en:<br \/>\n<a class=\"x1fey0fg xmper1u x1edh9d7\" href=\"https:\/\/www.chipserena.es\/web-evento\/10767-ix-san-silvestre-solidaria-de-zurbaran\">https:\/\/www.chipserena.es\/web-evento\/10767-ix-san-silvestre-solidaria-de-zurbaran<\/a><\/p>\n","protected":false},"excerpt":{"rendered":"<p>El Servicio de Dinamizaci\u00f3n Deportiva de la Mancomunidad La Serena-Vegas Altas colabora con el Ayuntamiento de Zurbar\u00e1n en la organizaci\u00f3n de la tradicional SAN SILVESTRE SOLIDARIA<span class=\"excerpt-hellip\"> [\u2026]<\/span><\/p>\n","protected":false},"author":1,"featured_media":4877,"comment_status":"closed","ping_status":"open","sticky":false,"template":"","format":"standard","meta":{"footnotes":""},"categories":[10],"tags":[],"class_list":["post-4876","post","type-post","status-publish","format-standard","has-post-thumbnail","hentry","category-eventos"],"yoast_head":"<!-- This site is optimized with the Yoast SEO plugin v25.5 - https:\/\/yoast.com\/wordpress\/plugins\/seo\/ -->\n<title>Carrera &quot;San Silvestre Solidaria de Zurbar\u00e1n 2024&quot; a favor de PROINES. - Mancomunidad Integral de Servicios La Serena-Vegas Altas<\/title>\n<meta name=\"robots\" content=\"index, follow, max-snippet:-1, max-image-preview:large, max-video-preview:-1\" \/>\n<link rel=\"canonical\" href=\"https:\/\/laserenavegasaltas.org\/?p=4876\" \/>\n<meta property=\"og:locale\" content=\"es_ES\" \/>\n<meta property=\"og:type\" content=\"article\" \/>\n<meta property=\"og:title\" content=\"Carrera &quot;San Silvestre Solidaria de Zurbar\u00e1n 2024&quot; a favor de PROINES. - Mancomunidad Integral de Servicios La Serena-Vegas Altas\" \/>\n<meta property=\"og:description\" content=\"El Servicio de Dinamizaci\u00f3n Deportiva de la Mancomunidad La Serena-Vegas Altas colabora con el Ayuntamiento de Zurbar\u00e1n en la organizaci\u00f3n de la tradicional SAN SILVESTRE SOLIDARIA [\u2026]\" \/>\n<meta property=\"og:url\" content=\"https:\/\/laserenavegasaltas.org\/?p=4876\" \/>\n<meta property=\"og:site_name\" content=\"Mancomunidad Integral de Servicios La Serena-Vegas Altas\" \/>\n<meta property=\"article:published_time\" content=\"2024-12-03T10:59:49+00:00\" \/>\n<meta property=\"article:modified_time\" content=\"2024-12-03T10:59:56+00:00\" \/>\n<meta property=\"og:image\" content=\"https:\/\/laserenavegasaltas.org\/\/wp-content\/uploads\/2024\/12\/WhatsApp-Image-2024-12-03-at-09.59.50.jpeg\" \/>\n\t<meta property=\"og:image:width\" content=\"1131\" \/>\n\t<meta property=\"og:image:height\" content=\"1600\" \/>\n\t<meta property=\"og:image:type\" content=\"image\/jpeg\" \/>\n<meta name=\"author\" content=\"adminlaserena\" \/>\n<meta name=\"twitter:card\" content=\"summary_large_image\" \/>\n<meta name=\"twitter:label1\" content=\"Escrito por\" \/>\n\t<meta name=\"twitter:data1\" content=\"adminlaserena\" \/>\n\t<meta name=\"twitter:label2\" content=\"Tiempo de lectura\" \/>\n\t<meta name=\"twitter:data2\" content=\"1 minuto\" \/>\n<script type=\"application\/ld+json\" class=\"yoast-schema-graph\">{\"@context\":\"https:\/\/schema.org\",\"@graph\":[{\"@type\":\"WebPage\",\"@id\":\"https:\/\/laserenavegasaltas.org\/?p=4876\",\"url\":\"https:\/\/laserenavegasaltas.org\/?p=4876\",\"name\":\"Carrera \\\"San Silvestre Solidaria de Zurbar\u00e1n 2024\\\" a favor de PROINES. - Mancomunidad Integral de Servicios La Serena-Vegas Altas\",\"isPartOf\":{\"@id\":\"https:\/\/laserenavegasaltas.org\/#website\"},\"primaryImageOfPage\":{\"@id\":\"https:\/\/laserenavegasaltas.org\/?p=4876#primaryimage\"},\"image\":{\"@id\":\"https:\/\/laserenavegasaltas.org\/?p=4876#primaryimage\"},\"thumbnailUrl\":\"https:\/\/laserenavegasaltas.org\/\/wp-content\/uploads\/2024\/12\/WhatsApp-Image-2024-12-03-at-09.59.50.jpeg\",\"datePublished\":\"2024-12-03T10:59:49+00:00\",\"dateModified\":\"2024-12-03T10:59:56+00:00\",\"author\":{\"@id\":\"https:\/\/laserenavegasaltas.org\/#\/schema\/person\/7e539dcfd5a02c583c4d62ca800e2d0a\"},\"breadcrumb\":{\"@id\":\"https:\/\/laserenavegasaltas.org\/?p=4876#breadcrumb\"},\"inLanguage\":\"es\",\"potentialAction\":[{\"@type\":\"ReadAction\",\"target\":[\"https:\/\/laserenavegasaltas.org\/?p=4876\"]}]},{\"@type\":\"ImageObject\",\"inLanguage\":\"es\",\"@id\":\"https:\/\/laserenavegasaltas.org\/?p=4876#primaryimage\",\"url\":\"https:\/\/laserenavegasaltas.org\/\/wp-content\/uploads\/2024\/12\/WhatsApp-Image-2024-12-03-at-09.59.50.jpeg\",\"contentUrl\":\"https:\/\/laserenavegasaltas.org\/\/wp-content\/uploads\/2024\/12\/WhatsApp-Image-2024-12-03-at-09.59.50.jpeg\",\"width\":1131,\"height\":1600},{\"@type\":\"BreadcrumbList\",\"@id\":\"https:\/\/laserenavegasaltas.org\/?p=4876#breadcrumb\",\"itemListElement\":[{\"@type\":\"ListItem\",\"position\":1,\"name\":\"Portada\",\"item\":\"https:\/\/laserenavegasaltas.org\/\"},{\"@type\":\"ListItem\",\"position\":2,\"name\":\"Carrera \u00abSan Silvestre Solidaria de Zurbar\u00e1n 2024\u00bb a favor de PROINES.\"}]},{\"@type\":\"WebSite\",\"@id\":\"https:\/\/laserenavegasaltas.org\/#website\",\"url\":\"https:\/\/laserenavegasaltas.org\/\",\"name\":\"Mancomunidad Integral de Servicios La Serena-Vegas Altas\",\"description\":\"Mancomunidad Integral de Servicios La Serena-Vegas Altas\",\"potentialAction\":[{\"@type\":\"SearchAction\",\"target\":{\"@type\":\"EntryPoint\",\"urlTemplate\":\"https:\/\/laserenavegasaltas.org\/?s={search_term_string}\"},\"query-input\":{\"@type\":\"PropertyValueSpecification\",\"valueRequired\":true,\"valueName\":\"search_term_string\"}}],\"inLanguage\":\"es\"},{\"@type\":\"Person\",\"@id\":\"https:\/\/laserenavegasaltas.org\/#\/schema\/person\/7e539dcfd5a02c583c4d62ca800e2d0a\",\"name\":\"adminlaserena\",\"image\":{\"@type\":\"ImageObject\",\"inLanguage\":\"es\",\"@id\":\"https:\/\/laserenavegasaltas.org\/#\/schema\/person\/image\/\",\"url\":\"https:\/\/secure.gravatar.com\/avatar\/e8a6dd0bfa694b30f5479082b82802247d9a6768a68a3f10c8e6fc54b81e49b1?s=96&d=mm&r=g\",\"contentUrl\":\"https:\/\/secure.gravatar.com\/avatar\/e8a6dd0bfa694b30f5479082b82802247d9a6768a68a3f10c8e6fc54b81e49b1?s=96&d=mm&r=g\",\"caption\":\"adminlaserena\"},\"sameAs\":[\"http:\/\/laserenavegasaltas.org\"],\"url\":\"https:\/\/laserenavegasaltas.org\/?author=1\"}]}<\/script>\n<!-- \/ Yoast SEO plugin. -->","yoast_head_json":{"title":"Carrera \"San Silvestre Solidaria de Zurbar\u00e1n 2024\" a favor de PROINES. - Mancomunidad Integral de Servicios La Serena-Vegas Altas","robots":{"index":"index","follow":"follow","max-snippet":"max-snippet:-1","max-image-preview":"max-image-preview:large","max-video-preview":"max-video-preview:-1"},"canonical":"https:\/\/laserenavegasaltas.org\/?p=4876","og_locale":"es_ES","og_type":"article","og_title":"Carrera \"San Silvestre Solidaria de Zurbar\u00e1n 2024\" a favor de PROINES. - Mancomunidad Integral de Servicios La Serena-Vegas Altas","og_description":"El Servicio de Dinamizaci\u00f3n Deportiva de la Mancomunidad La Serena-Vegas Altas colabora con el Ayuntamiento de Zurbar\u00e1n en la organizaci\u00f3n de la tradicional SAN SILVESTRE SOLIDARIA [\u2026]","og_url":"https:\/\/laserenavegasaltas.org\/?p=4876","og_site_name":"Mancomunidad Integral de Servicios La Serena-Vegas Altas","article_published_time":"2024-12-03T10:59:49+00:00","article_modified_time":"2024-12-03T10:59:56+00:00","og_image":[{"width":1131,"height":1600,"url":"https:\/\/laserenavegasaltas.org\/\/wp-content\/uploads\/2024\/12\/WhatsApp-Image-2024-12-03-at-09.59.50.jpeg","type":"image\/jpeg"}],"author":"adminlaserena","twitter_card":"summary_large_image","twitter_misc":{"Escrito por":"adminlaserena","Tiempo de lectura":"1 minuto"},"schema":{"@context":"https:\/\/schema.org","@graph":[{"@type":"WebPage","@id":"https:\/\/laserenavegasaltas.org\/?p=4876","url":"https:\/\/laserenavegasaltas.org\/?p=4876","name":"Carrera \"San Silvestre Solidaria de Zurbar\u00e1n 2024\" a favor de PROINES. - Mancomunidad Integral de Servicios La Serena-Vegas Altas","isPartOf":{"@id":"https:\/\/laserenavegasaltas.org\/#website"},"primaryImageOfPage":{"@id":"https:\/\/laserenavegasaltas.org\/?p=4876#primaryimage"},"image":{"@id":"https:\/\/laserenavegasaltas.org\/?p=4876#primaryimage"},"thumbnailUrl":"https:\/\/laserenavegasaltas.org\/\/wp-content\/uploads\/2024\/12\/WhatsApp-Image-2024-12-03-at-09.59.50.jpeg","datePublished":"2024-12-03T10:59:49+00:00","dateModified":"2024-12-03T10:59:56+00:00","author":{"@id":"https:\/\/laserenavegasaltas.org\/#\/schema\/person\/7e539dcfd5a02c583c4d62ca800e2d0a"},"breadcrumb":{"@id":"https:\/\/laserenavegasaltas.org\/?p=4876#breadcrumb"},"inLanguage":"es","potentialAction":[{"@type":"ReadAction","target":["https:\/\/laserenavegasaltas.org\/?p=4876"]}]},{"@type":"ImageObject","inLanguage":"es","@id":"https:\/\/laserenavegasaltas.org\/?p=4876#primaryimage","url":"https:\/\/laserenavegasaltas.org\/\/wp-content\/uploads\/2024\/12\/WhatsApp-Image-2024-12-03-at-09.59.50.jpeg","contentUrl":"https:\/\/laserenavegasaltas.org\/\/wp-content\/uploads\/2024\/12\/WhatsApp-Image-2024-12-03-at-09.59.50.jpeg","width":1131,"height":1600},{"@type":"BreadcrumbList","@id":"https:\/\/laserenavegasaltas.org\/?p=4876#breadcrumb","itemListElement":[{"@type":"ListItem","position":1,"name":"Portada","item":"https:\/\/laserenavegasaltas.org\/"},{"@type":"ListItem","position":2,"name":"Carrera \u00abSan Silvestre Solidaria de Zurbar\u00e1n 2024\u00bb a favor de PROINES."}]},{"@type":"WebSite","@id":"https:\/\/laserenavegasaltas.org\/#website","url":"https:\/\/laserenavegasaltas.org\/","name":"Mancomunidad Integral de Servicios La Serena-Vegas Altas","description":"Mancomunidad Integral de Servicios La Serena-Vegas Altas","potentialAction":[{"@type":"SearchAction","target":{"@type":"EntryPoint","urlTemplate":"https:\/\/laserenavegasaltas.org\/?s={search_term_string}"},"query-input":{"@type":"PropertyValueSpecification","valueRequired":true,"valueName":"search_term_string"}}],"inLanguage":"es"},{"@type":"Person","@id":"https:\/\/laserenavegasaltas.org\/#\/schema\/person\/7e539dcfd5a02c583c4d62ca800e2d0a","name":"adminlaserena","image":{"@type":"ImageObject","inLanguage":"es","@id":"https:\/\/laserenavegasaltas.org\/#\/schema\/person\/image\/","url":"https:\/\/secure.gravatar.com\/avatar\/e8a6dd0bfa694b30f5479082b82802247d9a6768a68a3f10c8e6fc54b81e49b1?s=96&d=mm&r=g","contentUrl":"https:\/\/secure.gravatar.com\/avatar\/e8a6dd0bfa694b30f5479082b82802247d9a6768a68a3f10c8e6fc54b81e49b1?s=96&d=mm&r=g","caption":"adminlaserena"},"sameAs":["http:\/\/laserenavegasaltas.org"],"url":"https:\/\/laserenavegasaltas.org\/?author=1"}]}},"_links":{"self":[{"href":"https:\/\/laserenavegasaltas.org\/index.php?rest_route=\/wp\/v2\/posts\/4876","targetHints":{"allow":["GET"]}}],"collection":[{"href":"https:\/\/laserenavegasaltas.org\/index.php?rest_route=\/wp\/v2\/posts"}],"about":[{"href":"https:\/\/laserenavegasaltas.org\/index.php?rest_route=\/wp\/v2\/types\/post"}],"author":[{"embeddable":true,"href":"https:\/\/laserenavegasaltas.org\/index.php?rest_route=\/wp\/v2\/users\/1"}],"replies":[{"embeddable":true,"href":"https:\/\/laserenavegasaltas.org\/index.php?rest_route=%2Fwp%2Fv2%2Fcomments&post=4876"}],"version-history":[{"count":1,"href":"https:\/\/laserenavegasaltas.org\/index.php?rest_route=\/wp\/v2\/posts\/4876\/revisions"}],"predecessor-version":[{"id":4878,"href":"https:\/\/laserenavegasaltas.org\/index.php?rest_route=\/wp\/v2\/posts\/4876\/revisions\/4878"}],"wp:featuredmedia":[{"embeddable":true,"href":"https:\/\/laserenavegasaltas.org\/index.php?rest_route=\/wp\/v2\/media\/4877"}],"wp:attachment":[{"href":"https:\/\/laserenavegasaltas.org\/index.php?rest_route=%2Fwp%2Fv2%2Fmedia&parent=4876"}],"wp:term":[{"taxonomy":"category","embeddable":true,"href":"https:\/\/laserenavegasaltas.org\/index.php?rest_route=%2Fwp%2Fv2%2Fcategories&post=4876"},{"taxonomy":"post_tag","embeddable":true,"href":"https:\/\/laserenavegasaltas.org\/index.php?rest_route=%2Fwp%2Fv2%2Ftags&post=4876"}],"curies":[{"name":"wp","href":"https:\/\/api.w.org\/{rel}","templated":true}]}}