{"id":4912,"date":"2024-12-16T08:27:47","date_gmt":"2024-12-16T07:27:47","guid":{"rendered":"https:\/\/laserenavegasaltas.org\/?p=4912"},"modified":"2024-12-16T08:27:55","modified_gmt":"2024-12-16T07:27:55","slug":"san-silvestre-ciruelas-2024-valdivia-29-de-diciembre","status":"publish","type":"post","link":"https:\/\/laserenavegasaltas.org\/?p=4912","title":{"rendered":"San Silvestre -Ciruelas 2024. Valdivia. 29 de diciembre"},"content":{"rendered":"<div class=\"xdj266r x11i5rnm xat24cr x1mh8g0r x1vvkbs x126k92a\">\n<div dir=\"auto\">San Silvestre -Ciruelas 2024. Valdivia. 29 de diciembre<\/div>\n<\/div>\n<div class=\"x11i5rnm xat24cr x1mh8g0r x1vvkbs xtlvy1s x126k92a\">\n<div dir=\"auto\">El programa de <span class=\"html-span xdj266r x11i5rnm xat24cr x1mh8g0r xexx8yu x4uap5 x18d9i69 xkhd6sd x1hl2dhg x16tdsg8 x1vvkbs\"><a class=\"x1i10hfl xjbqb8w x1ejq31n xd10rxx x1sy0etr x17r0tee x972fbf xcfux6l x1qhh985 xm0m39n x9f619 x1ypdohk xt0psk2 xe8uvvx xdj266r x11i5rnm xat24cr x1mh8g0r xexx8yu x4uap5 x18d9i69 xkhd6sd x16tdsg8 x1hl2dhg xggy1nq x1a2a7pz x1sur9pj xkrqix3 x1fey0fg xo1l8bm\" tabindex=\"0\" role=\"link\" href=\"https:\/\/www.facebook.com\/deportesLSVA?__cft__[0]=AZXcP-Bom6jshhvzrMX57SfCtscEr4lUdcdL5j--ZC4xMzrbdlU0BdQxWfa9W90gDPJk75RwHazpyBcUQfb8ywJHJ67B2Bbjm9pTNDGGvs0D7mVTFCGHMNIPE3fBx-QmFll4o7EeBtz6qYlzES8-3ADZJ-BikNmcZOx5IQCDZNnwng&amp;__tn__=-]K-R\"><span class=\"xt0psk2\">Dinamizaci\u00f3n Deportiva \u00abLaSerena-VegasAltas\u00bb<\/span><\/a><\/span> colabora con el <span class=\"html-span xdj266r x11i5rnm xat24cr x1mh8g0r xexx8yu x4uap5 x18d9i69 xkhd6sd x1hl2dhg x16tdsg8 x1vvkbs\"><a class=\"x1i10hfl xjbqb8w x1ejq31n xd10rxx x1sy0etr x17r0tee x972fbf xcfux6l x1qhh985 xm0m39n x9f619 x1ypdohk xt0psk2 xe8uvvx xdj266r x11i5rnm xat24cr x1mh8g0r xexx8yu x4uap5 x18d9i69 xkhd6sd x16tdsg8 x1hl2dhg xggy1nq x1a2a7pz x1sur9pj xkrqix3 x1fey0fg xo1l8bm\" tabindex=\"0\" role=\"link\" href=\"https:\/\/www.facebook.com\/AytoValdivia?__cft__[0]=AZXcP-Bom6jshhvzrMX57SfCtscEr4lUdcdL5j--ZC4xMzrbdlU0BdQxWfa9W90gDPJk75RwHazpyBcUQfb8ywJHJ67B2Bbjm9pTNDGGvs0D7mVTFCGHMNIPE3fBx-QmFll4o7EeBtz6qYlzES8-3ADZJ-BikNmcZOx5IQCDZNnwng&amp;__tn__=-]K-R\"><span class=\"xt0psk2\">Ayuntamiento Valdivia<\/span><\/a><\/span> en la organizaci\u00f3n, el pr\u00f3ximo domingo, 29 de diciembre, en la s\u00e9ptima edici\u00f3n de la San Silvestre &#8211; Ciruelas 2024. Habr\u00e1 distintas categor\u00edas y lo recaudado, este a\u00f1o ir\u00e1 destinados a favor de los damnificados por la DANA.<\/div>\n<\/div>\n","protected":false},"excerpt":{"rendered":"<p>San Silvestre -Ciruelas 2024. Valdivia. 29 de diciembre El programa de Dinamizaci\u00f3n Deportiva \u00abLaSerena-VegasAltas\u00bb colabora con el Ayuntamiento Valdivia en la organizaci\u00f3n, el pr\u00f3ximo domingo, 29<span class=\"excerpt-hellip\"> [\u2026]<\/span><\/p>\n","protected":false},"author":1,"featured_media":4913,"comment_status":"closed","ping_status":"open","sticky":false,"template":"","format":"standard","meta":{"footnotes":""},"categories":[10],"tags":[],"class_list":["post-4912","post","type-post","status-publish","format-standard","has-post-thumbnail","hentry","category-eventos"],"yoast_head":"<!-- This site is optimized with the Yoast SEO plugin v25.5 - https:\/\/yoast.com\/wordpress\/plugins\/seo\/ -->\n<title>San Silvestre -Ciruelas 2024. Valdivia. 29 de diciembre - Mancomunidad Integral de Servicios La Serena-Vegas Altas<\/title>\n<meta name=\"robots\" content=\"index, follow, max-snippet:-1, max-image-preview:large, max-video-preview:-1\" \/>\n<link rel=\"canonical\" href=\"https:\/\/laserenavegasaltas.org\/?p=4912\" \/>\n<meta property=\"og:locale\" content=\"es_ES\" \/>\n<meta property=\"og:type\" content=\"article\" \/>\n<meta property=\"og:title\" content=\"San Silvestre -Ciruelas 2024. Valdivia. 29 de diciembre - Mancomunidad Integral de Servicios La Serena-Vegas Altas\" \/>\n<meta property=\"og:description\" content=\"San Silvestre -Ciruelas 2024. Valdivia. 29 de diciembre El programa de Dinamizaci\u00f3n Deportiva \u00abLaSerena-VegasAltas\u00bb colabora con el Ayuntamiento Valdivia en la organizaci\u00f3n, el pr\u00f3ximo domingo, 29 [\u2026]\" \/>\n<meta property=\"og:url\" content=\"https:\/\/laserenavegasaltas.org\/?p=4912\" \/>\n<meta property=\"og:site_name\" content=\"Mancomunidad Integral de Servicios La Serena-Vegas Altas\" \/>\n<meta property=\"article:published_time\" content=\"2024-12-16T07:27:47+00:00\" \/>\n<meta property=\"article:modified_time\" content=\"2024-12-16T07:27:55+00:00\" \/>\n<meta property=\"og:image\" content=\"https:\/\/laserenavegasaltas.org\/\/wp-content\/uploads\/2024\/12\/18db2d38-8c4b-4b88-8a71-007561076ff9.jpg\" \/>\n\t<meta property=\"og:image:width\" content=\"1131\" \/>\n\t<meta property=\"og:image:height\" content=\"1600\" \/>\n\t<meta property=\"og:image:type\" content=\"image\/jpeg\" \/>\n<meta name=\"author\" content=\"adminlaserena\" \/>\n<meta name=\"twitter:card\" content=\"summary_large_image\" \/>\n<meta name=\"twitter:label1\" content=\"Escrito por\" \/>\n\t<meta name=\"twitter:data1\" content=\"adminlaserena\" \/>\n\t<meta name=\"twitter:label2\" content=\"Tiempo de lectura\" \/>\n\t<meta name=\"twitter:data2\" content=\"1 minuto\" \/>\n<script type=\"application\/ld+json\" class=\"yoast-schema-graph\">{\"@context\":\"https:\/\/schema.org\",\"@graph\":[{\"@type\":\"WebPage\",\"@id\":\"https:\/\/laserenavegasaltas.org\/?p=4912\",\"url\":\"https:\/\/laserenavegasaltas.org\/?p=4912\",\"name\":\"San Silvestre -Ciruelas 2024. Valdivia. 29 de diciembre - Mancomunidad Integral de Servicios La Serena-Vegas Altas\",\"isPartOf\":{\"@id\":\"https:\/\/laserenavegasaltas.org\/#website\"},\"primaryImageOfPage\":{\"@id\":\"https:\/\/laserenavegasaltas.org\/?p=4912#primaryimage\"},\"image\":{\"@id\":\"https:\/\/laserenavegasaltas.org\/?p=4912#primaryimage\"},\"thumbnailUrl\":\"https:\/\/laserenavegasaltas.org\/\/wp-content\/uploads\/2024\/12\/18db2d38-8c4b-4b88-8a71-007561076ff9.jpg\",\"datePublished\":\"2024-12-16T07:27:47+00:00\",\"dateModified\":\"2024-12-16T07:27:55+00:00\",\"author\":{\"@id\":\"https:\/\/laserenavegasaltas.org\/#\/schema\/person\/7e539dcfd5a02c583c4d62ca800e2d0a\"},\"breadcrumb\":{\"@id\":\"https:\/\/laserenavegasaltas.org\/?p=4912#breadcrumb\"},\"inLanguage\":\"es\",\"potentialAction\":[{\"@type\":\"ReadAction\",\"target\":[\"https:\/\/laserenavegasaltas.org\/?p=4912\"]}]},{\"@type\":\"ImageObject\",\"inLanguage\":\"es\",\"@id\":\"https:\/\/laserenavegasaltas.org\/?p=4912#primaryimage\",\"url\":\"https:\/\/laserenavegasaltas.org\/\/wp-content\/uploads\/2024\/12\/18db2d38-8c4b-4b88-8a71-007561076ff9.jpg\",\"contentUrl\":\"https:\/\/laserenavegasaltas.org\/\/wp-content\/uploads\/2024\/12\/18db2d38-8c4b-4b88-8a71-007561076ff9.jpg\",\"width\":1131,\"height\":1600},{\"@type\":\"BreadcrumbList\",\"@id\":\"https:\/\/laserenavegasaltas.org\/?p=4912#breadcrumb\",\"itemListElement\":[{\"@type\":\"ListItem\",\"position\":1,\"name\":\"Portada\",\"item\":\"https:\/\/laserenavegasaltas.org\/\"},{\"@type\":\"ListItem\",\"position\":2,\"name\":\"San Silvestre -Ciruelas 2024. Valdivia. 29 de diciembre\"}]},{\"@type\":\"WebSite\",\"@id\":\"https:\/\/laserenavegasaltas.org\/#website\",\"url\":\"https:\/\/laserenavegasaltas.org\/\",\"name\":\"Mancomunidad Integral de Servicios La Serena-Vegas Altas\",\"description\":\"Mancomunidad Integral de Servicios La Serena-Vegas Altas\",\"potentialAction\":[{\"@type\":\"SearchAction\",\"target\":{\"@type\":\"EntryPoint\",\"urlTemplate\":\"https:\/\/laserenavegasaltas.org\/?s={search_term_string}\"},\"query-input\":{\"@type\":\"PropertyValueSpecification\",\"valueRequired\":true,\"valueName\":\"search_term_string\"}}],\"inLanguage\":\"es\"},{\"@type\":\"Person\",\"@id\":\"https:\/\/laserenavegasaltas.org\/#\/schema\/person\/7e539dcfd5a02c583c4d62ca800e2d0a\",\"name\":\"adminlaserena\",\"image\":{\"@type\":\"ImageObject\",\"inLanguage\":\"es\",\"@id\":\"https:\/\/laserenavegasaltas.org\/#\/schema\/person\/image\/\",\"url\":\"https:\/\/secure.gravatar.com\/avatar\/e8a6dd0bfa694b30f5479082b82802247d9a6768a68a3f10c8e6fc54b81e49b1?s=96&d=mm&r=g\",\"contentUrl\":\"https:\/\/secure.gravatar.com\/avatar\/e8a6dd0bfa694b30f5479082b82802247d9a6768a68a3f10c8e6fc54b81e49b1?s=96&d=mm&r=g\",\"caption\":\"adminlaserena\"},\"sameAs\":[\"http:\/\/laserenavegasaltas.org\"],\"url\":\"https:\/\/laserenavegasaltas.org\/?author=1\"}]}<\/script>\n<!-- \/ Yoast SEO plugin. -->","yoast_head_json":{"title":"San Silvestre -Ciruelas 2024. Valdivia. 29 de diciembre - Mancomunidad Integral de Servicios La Serena-Vegas Altas","robots":{"index":"index","follow":"follow","max-snippet":"max-snippet:-1","max-image-preview":"max-image-preview:large","max-video-preview":"max-video-preview:-1"},"canonical":"https:\/\/laserenavegasaltas.org\/?p=4912","og_locale":"es_ES","og_type":"article","og_title":"San Silvestre -Ciruelas 2024. Valdivia. 29 de diciembre - Mancomunidad Integral de Servicios La Serena-Vegas Altas","og_description":"San Silvestre -Ciruelas 2024. Valdivia. 29 de diciembre El programa de Dinamizaci\u00f3n Deportiva \u00abLaSerena-VegasAltas\u00bb colabora con el Ayuntamiento Valdivia en la organizaci\u00f3n, el pr\u00f3ximo domingo, 29 [\u2026]","og_url":"https:\/\/laserenavegasaltas.org\/?p=4912","og_site_name":"Mancomunidad Integral de Servicios La Serena-Vegas Altas","article_published_time":"2024-12-16T07:27:47+00:00","article_modified_time":"2024-12-16T07:27:55+00:00","og_image":[{"width":1131,"height":1600,"url":"https:\/\/laserenavegasaltas.org\/\/wp-content\/uploads\/2024\/12\/18db2d38-8c4b-4b88-8a71-007561076ff9.jpg","type":"image\/jpeg"}],"author":"adminlaserena","twitter_card":"summary_large_image","twitter_misc":{"Escrito por":"adminlaserena","Tiempo de lectura":"1 minuto"},"schema":{"@context":"https:\/\/schema.org","@graph":[{"@type":"WebPage","@id":"https:\/\/laserenavegasaltas.org\/?p=4912","url":"https:\/\/laserenavegasaltas.org\/?p=4912","name":"San Silvestre -Ciruelas 2024. Valdivia. 29 de diciembre - Mancomunidad Integral de Servicios La Serena-Vegas Altas","isPartOf":{"@id":"https:\/\/laserenavegasaltas.org\/#website"},"primaryImageOfPage":{"@id":"https:\/\/laserenavegasaltas.org\/?p=4912#primaryimage"},"image":{"@id":"https:\/\/laserenavegasaltas.org\/?p=4912#primaryimage"},"thumbnailUrl":"https:\/\/laserenavegasaltas.org\/\/wp-content\/uploads\/2024\/12\/18db2d38-8c4b-4b88-8a71-007561076ff9.jpg","datePublished":"2024-12-16T07:27:47+00:00","dateModified":"2024-12-16T07:27:55+00:00","author":{"@id":"https:\/\/laserenavegasaltas.org\/#\/schema\/person\/7e539dcfd5a02c583c4d62ca800e2d0a"},"breadcrumb":{"@id":"https:\/\/laserenavegasaltas.org\/?p=4912#breadcrumb"},"inLanguage":"es","potentialAction":[{"@type":"ReadAction","target":["https:\/\/laserenavegasaltas.org\/?p=4912"]}]},{"@type":"ImageObject","inLanguage":"es","@id":"https:\/\/laserenavegasaltas.org\/?p=4912#primaryimage","url":"https:\/\/laserenavegasaltas.org\/\/wp-content\/uploads\/2024\/12\/18db2d38-8c4b-4b88-8a71-007561076ff9.jpg","contentUrl":"https:\/\/laserenavegasaltas.org\/\/wp-content\/uploads\/2024\/12\/18db2d38-8c4b-4b88-8a71-007561076ff9.jpg","width":1131,"height":1600},{"@type":"BreadcrumbList","@id":"https:\/\/laserenavegasaltas.org\/?p=4912#breadcrumb","itemListElement":[{"@type":"ListItem","position":1,"name":"Portada","item":"https:\/\/laserenavegasaltas.org\/"},{"@type":"ListItem","position":2,"name":"San Silvestre -Ciruelas 2024. Valdivia. 29 de diciembre"}]},{"@type":"WebSite","@id":"https:\/\/laserenavegasaltas.org\/#website","url":"https:\/\/laserenavegasaltas.org\/","name":"Mancomunidad Integral de Servicios La Serena-Vegas Altas","description":"Mancomunidad Integral de Servicios La Serena-Vegas Altas","potentialAction":[{"@type":"SearchAction","target":{"@type":"EntryPoint","urlTemplate":"https:\/\/laserenavegasaltas.org\/?s={search_term_string}"},"query-input":{"@type":"PropertyValueSpecification","valueRequired":true,"valueName":"search_term_string"}}],"inLanguage":"es"},{"@type":"Person","@id":"https:\/\/laserenavegasaltas.org\/#\/schema\/person\/7e539dcfd5a02c583c4d62ca800e2d0a","name":"adminlaserena","image":{"@type":"ImageObject","inLanguage":"es","@id":"https:\/\/laserenavegasaltas.org\/#\/schema\/person\/image\/","url":"https:\/\/secure.gravatar.com\/avatar\/e8a6dd0bfa694b30f5479082b82802247d9a6768a68a3f10c8e6fc54b81e49b1?s=96&d=mm&r=g","contentUrl":"https:\/\/secure.gravatar.com\/avatar\/e8a6dd0bfa694b30f5479082b82802247d9a6768a68a3f10c8e6fc54b81e49b1?s=96&d=mm&r=g","caption":"adminlaserena"},"sameAs":["http:\/\/laserenavegasaltas.org"],"url":"https:\/\/laserenavegasaltas.org\/?author=1"}]}},"_links":{"self":[{"href":"https:\/\/laserenavegasaltas.org\/index.php?rest_route=\/wp\/v2\/posts\/4912","targetHints":{"allow":["GET"]}}],"collection":[{"href":"https:\/\/laserenavegasaltas.org\/index.php?rest_route=\/wp\/v2\/posts"}],"about":[{"href":"https:\/\/laserenavegasaltas.org\/index.php?rest_route=\/wp\/v2\/types\/post"}],"author":[{"embeddable":true,"href":"https:\/\/laserenavegasaltas.org\/index.php?rest_route=\/wp\/v2\/users\/1"}],"replies":[{"embeddable":true,"href":"https:\/\/laserenavegasaltas.org\/index.php?rest_route=%2Fwp%2Fv2%2Fcomments&post=4912"}],"version-history":[{"count":1,"href":"https:\/\/laserenavegasaltas.org\/index.php?rest_route=\/wp\/v2\/posts\/4912\/revisions"}],"predecessor-version":[{"id":4914,"href":"https:\/\/laserenavegasaltas.org\/index.php?rest_route=\/wp\/v2\/posts\/4912\/revisions\/4914"}],"wp:featuredmedia":[{"embeddable":true,"href":"https:\/\/laserenavegasaltas.org\/index.php?rest_route=\/wp\/v2\/media\/4913"}],"wp:attachment":[{"href":"https:\/\/laserenavegasaltas.org\/index.php?rest_route=%2Fwp%2Fv2%2Fmedia&parent=4912"}],"wp:term":[{"taxonomy":"category","embeddable":true,"href":"https:\/\/laserenavegasaltas.org\/index.php?rest_route=%2Fwp%2Fv2%2Fcategories&post=4912"},{"taxonomy":"post_tag","embeddable":true,"href":"https:\/\/laserenavegasaltas.org\/index.php?rest_route=%2Fwp%2Fv2%2Ftags&post=4912"}],"curies":[{"name":"wp","href":"https:\/\/api.w.org\/{rel}","templated":true}]}}