{"id":5026,"date":"2025-02-17T11:36:23","date_gmt":"2025-02-17T10:36:23","guid":{"rendered":"https:\/\/laserenavegasaltas.org\/?p=5026"},"modified":"2025-02-17T11:36:44","modified_gmt":"2025-02-17T10:36:44","slug":"convocatoria-de-ayudas-17-1420-proyectos-productivos","status":"publish","type":"post","link":"https:\/\/laserenavegasaltas.org\/?p=5026","title":{"rendered":"Convocatoria de Ayudas 17\/1420 \u201cProyectos productivos\u201d."},"content":{"rendered":"<p>Ayudas bajo metodolog\u00eda LEADER dentro de la Estrategia de Desarrollo Local participativa 2014-2020, cofinanciado por el Fondo Europeo Agr\u00edcola de Desarrollo Rural (FEADER) en un 80%.<br \/>\nPara ampliar la informaci\u00f3n y tramitar las ayudas puede ponerse en contacto con el equipo t\u00e9cnico a trav\u00e9s del tel\u00e9fono 924 77 24 08 y del correo electr\u00f3nico ceder@cederlaserena.es, o acceder a trav\u00e9s de nuestra web www.cederlaserena.es donde est\u00e1n disponibles todos los modelos para solicitar las ayudas.<br \/>\n&#8212;&#8212;&#8212;&#8212;&#8212;&#8212;&#8212;&#8212;&#8212;<br \/>\nSe abre la Convocatoria de Ayudas 17\/1420 para proyectos productivos con una dotaci\u00f3n financiera de 326.473,60 \u20ac para \u201cInversiones en la creaci\u00f3n y desarrollo de empresas y actividades no agr\u00edcolas en zonas rurales\u201d.<br \/>\nLa presente convocatoria tiene como objeto establecer las normas que regular\u00e1n la gesti\u00f3n de ayudas al amparo de la medida 19 \u201cApoyo para el Desarrollo Local de LEADER\u201d del Programa de Desarrollo Rural de Extremadura, para el periodo de programaci\u00f3n 2014\/2020, cofinanciado por el Fondo Europeo Agr\u00edcola de Desarrollo Rural (FEADER), en lo que se refiere a la submedida 19.2 \u201cApoyo para la realizaci\u00f3n de las operaciones conforme a la estrategia de desarrollo local participativo\u201d.<br \/>\nSer\u00e1n objeto de subvenci\u00f3n, las siguientes actuaciones: Inversiones en la creaci\u00f3n y desarrollo de empresas y actividades no agr\u00edcolas en zonas rurales. Se pretende dar respuesta a empresas en el sector secundario (Industria, artesan\u00eda, construcci\u00f3n, generaci\u00f3n de energ\u00eda, etc.) y terciario (comercio, comunicaciones, transporte, turismo, hosteler\u00eda, ocio, sanidad, educaci\u00f3n, cultura, etc.) que necesiten realizar inversiones o adquirir inmovilizado material e inmaterial.<br \/>\nLa cuant\u00eda de ayuda a conceder se calcular\u00e1 en funci\u00f3n de la valoraci\u00f3n del proyecto, conforme a los criterios de baremaci\u00f3n, as\u00ed como las disponibilidades de cr\u00e9dito de la correspondiente convocatoria, con un m\u00ednimo de 40% y pudiendo llegar hasta el 50% de la inversi\u00f3n auxiliable. El presupuesto de inversi\u00f3n aceptado deber\u00e1 estar comprendido, IVA excluido en caso de ser recuperable por el solicitante, entre 25.000 \u20ac y 200.000 \u20ac.<br \/>\nEl plazo de presentaci\u00f3n de solicitudes est\u00e1 abierto hasta el d\u00eda 7 de marzo de 2025. La solicitud de la subvenci\u00f3n se presentar\u00e1 en el Registro del CEDER \u201cLa Serena\u201d situado en la Avenida de Am\u00e9rica, 6 de CASTUERA (Badajoz) o a trav\u00e9s de la sede electr\u00f3nica de la entidad https:\/\/cederlaserena.sedelectronica.es.<\/p>\n","protected":false},"excerpt":{"rendered":"<p>Ayudas bajo metodolog\u00eda LEADER dentro de la Estrategia de Desarrollo Local participativa 2014-2020, cofinanciado por el Fondo Europeo Agr\u00edcola de Desarrollo Rural (FEADER) en un 80%.<span class=\"excerpt-hellip\"> [\u2026]<\/span><\/p>\n","protected":false},"author":1,"featured_media":5027,"comment_status":"closed","ping_status":"open","sticky":false,"template":"","format":"standard","meta":{"footnotes":""},"categories":[7],"tags":[],"class_list":["post-5026","post","type-post","status-publish","format-standard","has-post-thumbnail","hentry","category-noticias"],"yoast_head":"<!-- This site is optimized with the Yoast SEO plugin v25.5 - https:\/\/yoast.com\/wordpress\/plugins\/seo\/ -->\n<title>Convocatoria de Ayudas 17\/1420 \u201cProyectos productivos\u201d. - Mancomunidad Integral de Servicios La Serena-Vegas Altas<\/title>\n<meta name=\"robots\" content=\"index, follow, max-snippet:-1, max-image-preview:large, max-video-preview:-1\" \/>\n<link rel=\"canonical\" href=\"https:\/\/laserenavegasaltas.org\/?p=5026\" \/>\n<meta property=\"og:locale\" content=\"es_ES\" \/>\n<meta property=\"og:type\" content=\"article\" \/>\n<meta property=\"og:title\" content=\"Convocatoria de Ayudas 17\/1420 \u201cProyectos productivos\u201d. - Mancomunidad Integral de Servicios La Serena-Vegas Altas\" \/>\n<meta property=\"og:description\" content=\"Ayudas bajo metodolog\u00eda LEADER dentro de la Estrategia de Desarrollo Local participativa 2014-2020, cofinanciado por el Fondo Europeo Agr\u00edcola de Desarrollo Rural (FEADER) en un 80%. [\u2026]\" \/>\n<meta property=\"og:url\" content=\"https:\/\/laserenavegasaltas.org\/?p=5026\" \/>\n<meta property=\"og:site_name\" content=\"Mancomunidad Integral de Servicios La Serena-Vegas Altas\" \/>\n<meta property=\"article:published_time\" content=\"2025-02-17T10:36:23+00:00\" \/>\n<meta property=\"article:modified_time\" content=\"2025-02-17T10:36:44+00:00\" \/>\n<meta property=\"og:image\" content=\"https:\/\/laserenavegasaltas.org\/\/wp-content\/uploads\/2025\/02\/Cartel_Conv.17-1420_Def-scaled.jpg\" \/>\n\t<meta property=\"og:image:width\" content=\"1801\" \/>\n\t<meta property=\"og:image:height\" content=\"2560\" \/>\n\t<meta property=\"og:image:type\" content=\"image\/jpeg\" \/>\n<meta name=\"author\" content=\"adminlaserena\" \/>\n<meta name=\"twitter:card\" content=\"summary_large_image\" \/>\n<meta name=\"twitter:label1\" content=\"Escrito por\" \/>\n\t<meta name=\"twitter:data1\" content=\"adminlaserena\" \/>\n\t<meta name=\"twitter:label2\" content=\"Tiempo de lectura\" \/>\n\t<meta name=\"twitter:data2\" content=\"2 minutos\" \/>\n<script type=\"application\/ld+json\" class=\"yoast-schema-graph\">{\"@context\":\"https:\/\/schema.org\",\"@graph\":[{\"@type\":\"WebPage\",\"@id\":\"https:\/\/laserenavegasaltas.org\/?p=5026\",\"url\":\"https:\/\/laserenavegasaltas.org\/?p=5026\",\"name\":\"Convocatoria de Ayudas 17\/1420 \u201cProyectos productivos\u201d. - Mancomunidad Integral de Servicios La Serena-Vegas Altas\",\"isPartOf\":{\"@id\":\"https:\/\/laserenavegasaltas.org\/#website\"},\"primaryImageOfPage\":{\"@id\":\"https:\/\/laserenavegasaltas.org\/?p=5026#primaryimage\"},\"image\":{\"@id\":\"https:\/\/laserenavegasaltas.org\/?p=5026#primaryimage\"},\"thumbnailUrl\":\"https:\/\/laserenavegasaltas.org\/\/wp-content\/uploads\/2025\/02\/Cartel_Conv.17-1420_Def-scaled.jpg\",\"datePublished\":\"2025-02-17T10:36:23+00:00\",\"dateModified\":\"2025-02-17T10:36:44+00:00\",\"author\":{\"@id\":\"https:\/\/laserenavegasaltas.org\/#\/schema\/person\/7e539dcfd5a02c583c4d62ca800e2d0a\"},\"breadcrumb\":{\"@id\":\"https:\/\/laserenavegasaltas.org\/?p=5026#breadcrumb\"},\"inLanguage\":\"es\",\"potentialAction\":[{\"@type\":\"ReadAction\",\"target\":[\"https:\/\/laserenavegasaltas.org\/?p=5026\"]}]},{\"@type\":\"ImageObject\",\"inLanguage\":\"es\",\"@id\":\"https:\/\/laserenavegasaltas.org\/?p=5026#primaryimage\",\"url\":\"https:\/\/laserenavegasaltas.org\/\/wp-content\/uploads\/2025\/02\/Cartel_Conv.17-1420_Def-scaled.jpg\",\"contentUrl\":\"https:\/\/laserenavegasaltas.org\/\/wp-content\/uploads\/2025\/02\/Cartel_Conv.17-1420_Def-scaled.jpg\",\"width\":1801,\"height\":2560},{\"@type\":\"BreadcrumbList\",\"@id\":\"https:\/\/laserenavegasaltas.org\/?p=5026#breadcrumb\",\"itemListElement\":[{\"@type\":\"ListItem\",\"position\":1,\"name\":\"Portada\",\"item\":\"https:\/\/laserenavegasaltas.org\/\"},{\"@type\":\"ListItem\",\"position\":2,\"name\":\"Convocatoria de Ayudas 17\/1420 \u201cProyectos productivos\u201d.\"}]},{\"@type\":\"WebSite\",\"@id\":\"https:\/\/laserenavegasaltas.org\/#website\",\"url\":\"https:\/\/laserenavegasaltas.org\/\",\"name\":\"Mancomunidad Integral de Servicios La Serena-Vegas Altas\",\"description\":\"Mancomunidad Integral de Servicios La Serena-Vegas Altas\",\"potentialAction\":[{\"@type\":\"SearchAction\",\"target\":{\"@type\":\"EntryPoint\",\"urlTemplate\":\"https:\/\/laserenavegasaltas.org\/?s={search_term_string}\"},\"query-input\":{\"@type\":\"PropertyValueSpecification\",\"valueRequired\":true,\"valueName\":\"search_term_string\"}}],\"inLanguage\":\"es\"},{\"@type\":\"Person\",\"@id\":\"https:\/\/laserenavegasaltas.org\/#\/schema\/person\/7e539dcfd5a02c583c4d62ca800e2d0a\",\"name\":\"adminlaserena\",\"image\":{\"@type\":\"ImageObject\",\"inLanguage\":\"es\",\"@id\":\"https:\/\/laserenavegasaltas.org\/#\/schema\/person\/image\/\",\"url\":\"https:\/\/secure.gravatar.com\/avatar\/e8a6dd0bfa694b30f5479082b82802247d9a6768a68a3f10c8e6fc54b81e49b1?s=96&d=mm&r=g\",\"contentUrl\":\"https:\/\/secure.gravatar.com\/avatar\/e8a6dd0bfa694b30f5479082b82802247d9a6768a68a3f10c8e6fc54b81e49b1?s=96&d=mm&r=g\",\"caption\":\"adminlaserena\"},\"sameAs\":[\"http:\/\/laserenavegasaltas.org\"],\"url\":\"https:\/\/laserenavegasaltas.org\/?author=1\"}]}<\/script>\n<!-- \/ Yoast SEO plugin. -->","yoast_head_json":{"title":"Convocatoria de Ayudas 17\/1420 \u201cProyectos productivos\u201d. - Mancomunidad Integral de Servicios La Serena-Vegas Altas","robots":{"index":"index","follow":"follow","max-snippet":"max-snippet:-1","max-image-preview":"max-image-preview:large","max-video-preview":"max-video-preview:-1"},"canonical":"https:\/\/laserenavegasaltas.org\/?p=5026","og_locale":"es_ES","og_type":"article","og_title":"Convocatoria de Ayudas 17\/1420 \u201cProyectos productivos\u201d. - Mancomunidad Integral de Servicios La Serena-Vegas Altas","og_description":"Ayudas bajo metodolog\u00eda LEADER dentro de la Estrategia de Desarrollo Local participativa 2014-2020, cofinanciado por el Fondo Europeo Agr\u00edcola de Desarrollo Rural (FEADER) en un 80%. [\u2026]","og_url":"https:\/\/laserenavegasaltas.org\/?p=5026","og_site_name":"Mancomunidad Integral de Servicios La Serena-Vegas Altas","article_published_time":"2025-02-17T10:36:23+00:00","article_modified_time":"2025-02-17T10:36:44+00:00","og_image":[{"width":1801,"height":2560,"url":"https:\/\/laserenavegasaltas.org\/\/wp-content\/uploads\/2025\/02\/Cartel_Conv.17-1420_Def-scaled.jpg","type":"image\/jpeg"}],"author":"adminlaserena","twitter_card":"summary_large_image","twitter_misc":{"Escrito por":"adminlaserena","Tiempo de lectura":"2 minutos"},"schema":{"@context":"https:\/\/schema.org","@graph":[{"@type":"WebPage","@id":"https:\/\/laserenavegasaltas.org\/?p=5026","url":"https:\/\/laserenavegasaltas.org\/?p=5026","name":"Convocatoria de Ayudas 17\/1420 \u201cProyectos productivos\u201d. - Mancomunidad Integral de Servicios La Serena-Vegas Altas","isPartOf":{"@id":"https:\/\/laserenavegasaltas.org\/#website"},"primaryImageOfPage":{"@id":"https:\/\/laserenavegasaltas.org\/?p=5026#primaryimage"},"image":{"@id":"https:\/\/laserenavegasaltas.org\/?p=5026#primaryimage"},"thumbnailUrl":"https:\/\/laserenavegasaltas.org\/\/wp-content\/uploads\/2025\/02\/Cartel_Conv.17-1420_Def-scaled.jpg","datePublished":"2025-02-17T10:36:23+00:00","dateModified":"2025-02-17T10:36:44+00:00","author":{"@id":"https:\/\/laserenavegasaltas.org\/#\/schema\/person\/7e539dcfd5a02c583c4d62ca800e2d0a"},"breadcrumb":{"@id":"https:\/\/laserenavegasaltas.org\/?p=5026#breadcrumb"},"inLanguage":"es","potentialAction":[{"@type":"ReadAction","target":["https:\/\/laserenavegasaltas.org\/?p=5026"]}]},{"@type":"ImageObject","inLanguage":"es","@id":"https:\/\/laserenavegasaltas.org\/?p=5026#primaryimage","url":"https:\/\/laserenavegasaltas.org\/\/wp-content\/uploads\/2025\/02\/Cartel_Conv.17-1420_Def-scaled.jpg","contentUrl":"https:\/\/laserenavegasaltas.org\/\/wp-content\/uploads\/2025\/02\/Cartel_Conv.17-1420_Def-scaled.jpg","width":1801,"height":2560},{"@type":"BreadcrumbList","@id":"https:\/\/laserenavegasaltas.org\/?p=5026#breadcrumb","itemListElement":[{"@type":"ListItem","position":1,"name":"Portada","item":"https:\/\/laserenavegasaltas.org\/"},{"@type":"ListItem","position":2,"name":"Convocatoria de Ayudas 17\/1420 \u201cProyectos productivos\u201d."}]},{"@type":"WebSite","@id":"https:\/\/laserenavegasaltas.org\/#website","url":"https:\/\/laserenavegasaltas.org\/","name":"Mancomunidad Integral de Servicios La Serena-Vegas Altas","description":"Mancomunidad Integral de Servicios La Serena-Vegas Altas","potentialAction":[{"@type":"SearchAction","target":{"@type":"EntryPoint","urlTemplate":"https:\/\/laserenavegasaltas.org\/?s={search_term_string}"},"query-input":{"@type":"PropertyValueSpecification","valueRequired":true,"valueName":"search_term_string"}}],"inLanguage":"es"},{"@type":"Person","@id":"https:\/\/laserenavegasaltas.org\/#\/schema\/person\/7e539dcfd5a02c583c4d62ca800e2d0a","name":"adminlaserena","image":{"@type":"ImageObject","inLanguage":"es","@id":"https:\/\/laserenavegasaltas.org\/#\/schema\/person\/image\/","url":"https:\/\/secure.gravatar.com\/avatar\/e8a6dd0bfa694b30f5479082b82802247d9a6768a68a3f10c8e6fc54b81e49b1?s=96&d=mm&r=g","contentUrl":"https:\/\/secure.gravatar.com\/avatar\/e8a6dd0bfa694b30f5479082b82802247d9a6768a68a3f10c8e6fc54b81e49b1?s=96&d=mm&r=g","caption":"adminlaserena"},"sameAs":["http:\/\/laserenavegasaltas.org"],"url":"https:\/\/laserenavegasaltas.org\/?author=1"}]}},"_links":{"self":[{"href":"https:\/\/laserenavegasaltas.org\/index.php?rest_route=\/wp\/v2\/posts\/5026","targetHints":{"allow":["GET"]}}],"collection":[{"href":"https:\/\/laserenavegasaltas.org\/index.php?rest_route=\/wp\/v2\/posts"}],"about":[{"href":"https:\/\/laserenavegasaltas.org\/index.php?rest_route=\/wp\/v2\/types\/post"}],"author":[{"embeddable":true,"href":"https:\/\/laserenavegasaltas.org\/index.php?rest_route=\/wp\/v2\/users\/1"}],"replies":[{"embeddable":true,"href":"https:\/\/laserenavegasaltas.org\/index.php?rest_route=%2Fwp%2Fv2%2Fcomments&post=5026"}],"version-history":[{"count":1,"href":"https:\/\/laserenavegasaltas.org\/index.php?rest_route=\/wp\/v2\/posts\/5026\/revisions"}],"predecessor-version":[{"id":5028,"href":"https:\/\/laserenavegasaltas.org\/index.php?rest_route=\/wp\/v2\/posts\/5026\/revisions\/5028"}],"wp:featuredmedia":[{"embeddable":true,"href":"https:\/\/laserenavegasaltas.org\/index.php?rest_route=\/wp\/v2\/media\/5027"}],"wp:attachment":[{"href":"https:\/\/laserenavegasaltas.org\/index.php?rest_route=%2Fwp%2Fv2%2Fmedia&parent=5026"}],"wp:term":[{"taxonomy":"category","embeddable":true,"href":"https:\/\/laserenavegasaltas.org\/index.php?rest_route=%2Fwp%2Fv2%2Fcategories&post=5026"},{"taxonomy":"post_tag","embeddable":true,"href":"https:\/\/laserenavegasaltas.org\/index.php?rest_route=%2Fwp%2Fv2%2Ftags&post=5026"}],"curies":[{"name":"wp","href":"https:\/\/api.w.org\/{rel}","templated":true}]}}