{"id":5029,"date":"2025-02-18T08:13:23","date_gmt":"2025-02-18T07:13:23","guid":{"rendered":"https:\/\/laserenavegasaltas.org\/?p=5029"},"modified":"2025-02-18T08:13:30","modified_gmt":"2025-02-18T07:13:30","slug":"la-serena-paisaje-cultural-participara-como-expositor-en-fio-2025","status":"publish","type":"post","link":"https:\/\/laserenavegasaltas.org\/?p=5029","title":{"rendered":"LA SERENA, PAISAJE CULTURAL PARTICIPAR\u00c1 COMO EXPOSITOR EN FIO 2025"},"content":{"rendered":"<p>El Centro de Desarrollo Rural \u201cLa Serena\u201d estar\u00e1 de nuevo presente como expositor en la XX Edici\u00f3n de la Feria Internacional de Ornitolog\u00eda que tiene lugar en Villarreal de San Carlos,<br \/>\nen un entorno excepcional como es el Parque Nacional de Monfrag\u00fce. El stand estar\u00e1 ubicado en el pabell\u00f3n de \u201cViajes y Turismo\u201d y podr\u00e1 visitarse del 21 al 23 de febrero del presente<br \/>\n2025. En esta edici\u00f3n estar\u00e1n como invitados en nuestro stand los ayuntamientos de Cabeza del Buey y Capilla, con el fin de promocionar sus recursos en turismo de naturaleza y de la<br \/>\npropia comarca de la Serena, como rutas y otras actividades que combinan el turismo de naturaleza con el hist\u00f3rico o gastron\u00f3micos entre otros.<br \/>\nLos amantes de la naturaleza y la ornitolog\u00eda vuelven a darse cita en esta magn\u00edfica feria (una de las m\u00e1s grandes e importantes de Europa) en la que disfrutar del medio natural<br \/>\nde la regi\u00f3n extreme\u00f1a y conocer las \u00faltimas novedades relativas a equipos \u00f3pticos, arte de naturaleza o productos y experiencias tur\u00edsticas, entre muchos otros atractivos. Visita<br \/>\nhttps:\/\/fioextremadura.es\/y descubre todas las actividades que FIO pone a tu disposici\u00f3n para pasar un fin de semana excepcional.<br \/>\nComo cada a\u00f1o, el CEDER \u201cLa Serena\u201d participa a trav\u00e9s de la iniciativa \u201cLa Serena, Paisaje Cultural\u201d, que financia la Diputaci\u00f3n Provincial de Badajoz y en la colaboran numerosas<br \/>\ninstituciones y organismos como la Junta de Extremadura, la Mancomunidad de Municipios de La Serena o la Mancomunidad Integral de Servicios La Serena \u2013 Vegas Altas, entre otras. El<br \/>\nobjetivo de esta iniciativa es el de poner en valor el patrimonio natural y cultural de la comarca de La Serena, que evidencia la estrecha relaci\u00f3n que hist\u00f3ricamente y actualmente han<br \/>\nmantenido y mantienen los seres humanos y el entorno natural, habiendo sido este transformado por los primeros a lo largo de la historia y derivando en una serie de caracter\u00edsticas que hacen a este territorio singular y excepcional desde el punto de vista cultural y medioambiental.<br \/>\nAdem\u00e1s, \u201cLa Serena, Paisaje Cultural\u201d realiza una importante labor de dinamizaci\u00f3n a trav\u00e9s de la realizaci\u00f3n de actividades en diferentes \u00e1mbitos como son la promoci\u00f3n del<br \/>\npatrimonio, la educaci\u00f3n ambiental, la gesti\u00f3n tur\u00edstica sostenible o la creaci\u00f3n de identidad comarcal.<br \/>\nSi quieres descubrir m\u00e1s sobre esta magn\u00edfica comarca puedes visitar los perfiles de \u201cLa Serena, Paisaje Cultural\u201d en redes sociales (YouTube, Facebook, X e Instagram) as\u00ed como la<br \/>\nweb especializada de Turismo \u201cLa Serena\u201d (www.laserenaturismo.es).<\/p>\n","protected":false},"excerpt":{"rendered":"<p>El Centro de Desarrollo Rural \u201cLa Serena\u201d estar\u00e1 de nuevo presente como expositor en la XX Edici\u00f3n de la Feria Internacional de Ornitolog\u00eda que tiene lugar<span class=\"excerpt-hellip\"> [\u2026]<\/span><\/p>\n","protected":false},"author":1,"featured_media":5030,"comment_status":"closed","ping_status":"open","sticky":false,"template":"","format":"standard","meta":{"footnotes":""},"categories":[10],"tags":[],"class_list":["post-5029","post","type-post","status-publish","format-standard","has-post-thumbnail","hentry","category-eventos"],"yoast_head":"<!-- This site is optimized with the Yoast SEO plugin v25.5 - https:\/\/yoast.com\/wordpress\/plugins\/seo\/ -->\n<title>LA SERENA, PAISAJE CULTURAL PARTICIPAR\u00c1 COMO EXPOSITOR EN FIO 2025 - Mancomunidad Integral de Servicios La Serena-Vegas Altas<\/title>\n<meta name=\"robots\" content=\"index, follow, max-snippet:-1, max-image-preview:large, max-video-preview:-1\" \/>\n<link rel=\"canonical\" href=\"https:\/\/laserenavegasaltas.org\/?p=5029\" \/>\n<meta property=\"og:locale\" content=\"es_ES\" \/>\n<meta property=\"og:type\" content=\"article\" \/>\n<meta property=\"og:title\" content=\"LA SERENA, PAISAJE CULTURAL PARTICIPAR\u00c1 COMO EXPOSITOR EN FIO 2025 - Mancomunidad Integral de Servicios La Serena-Vegas Altas\" \/>\n<meta property=\"og:description\" content=\"El Centro de Desarrollo Rural \u201cLa Serena\u201d estar\u00e1 de nuevo presente como expositor en la XX Edici\u00f3n de la Feria Internacional de Ornitolog\u00eda que tiene lugar [\u2026]\" \/>\n<meta property=\"og:url\" content=\"https:\/\/laserenavegasaltas.org\/?p=5029\" \/>\n<meta property=\"og:site_name\" content=\"Mancomunidad Integral de Servicios La Serena-Vegas Altas\" \/>\n<meta property=\"article:published_time\" content=\"2025-02-18T07:13:23+00:00\" \/>\n<meta property=\"article:modified_time\" content=\"2025-02-18T07:13:30+00:00\" \/>\n<meta property=\"og:image\" content=\"https:\/\/laserenavegasaltas.org\/\/wp-content\/uploads\/2025\/02\/Cartel-FIO25-724x1024.png\" \/>\n\t<meta property=\"og:image:width\" content=\"724\" \/>\n\t<meta property=\"og:image:height\" content=\"1024\" \/>\n\t<meta property=\"og:image:type\" content=\"image\/png\" \/>\n<meta name=\"author\" content=\"adminlaserena\" \/>\n<meta name=\"twitter:card\" content=\"summary_large_image\" \/>\n<meta name=\"twitter:label1\" content=\"Escrito por\" \/>\n\t<meta name=\"twitter:data1\" content=\"adminlaserena\" \/>\n\t<meta name=\"twitter:label2\" content=\"Tiempo de lectura\" \/>\n\t<meta name=\"twitter:data2\" content=\"2 minutos\" \/>\n<script type=\"application\/ld+json\" class=\"yoast-schema-graph\">{\"@context\":\"https:\/\/schema.org\",\"@graph\":[{\"@type\":\"WebPage\",\"@id\":\"https:\/\/laserenavegasaltas.org\/?p=5029\",\"url\":\"https:\/\/laserenavegasaltas.org\/?p=5029\",\"name\":\"LA SERENA, PAISAJE CULTURAL PARTICIPAR\u00c1 COMO EXPOSITOR EN FIO 2025 - Mancomunidad Integral de Servicios La Serena-Vegas Altas\",\"isPartOf\":{\"@id\":\"https:\/\/laserenavegasaltas.org\/#website\"},\"primaryImageOfPage\":{\"@id\":\"https:\/\/laserenavegasaltas.org\/?p=5029#primaryimage\"},\"image\":{\"@id\":\"https:\/\/laserenavegasaltas.org\/?p=5029#primaryimage\"},\"thumbnailUrl\":\"https:\/\/laserenavegasaltas.org\/\/wp-content\/uploads\/2025\/02\/Cartel-FIO25.png\",\"datePublished\":\"2025-02-18T07:13:23+00:00\",\"dateModified\":\"2025-02-18T07:13:30+00:00\",\"author\":{\"@id\":\"https:\/\/laserenavegasaltas.org\/#\/schema\/person\/7e539dcfd5a02c583c4d62ca800e2d0a\"},\"breadcrumb\":{\"@id\":\"https:\/\/laserenavegasaltas.org\/?p=5029#breadcrumb\"},\"inLanguage\":\"es\",\"potentialAction\":[{\"@type\":\"ReadAction\",\"target\":[\"https:\/\/laserenavegasaltas.org\/?p=5029\"]}]},{\"@type\":\"ImageObject\",\"inLanguage\":\"es\",\"@id\":\"https:\/\/laserenavegasaltas.org\/?p=5029#primaryimage\",\"url\":\"https:\/\/laserenavegasaltas.org\/\/wp-content\/uploads\/2025\/02\/Cartel-FIO25.png\",\"contentUrl\":\"https:\/\/laserenavegasaltas.org\/\/wp-content\/uploads\/2025\/02\/Cartel-FIO25.png\",\"width\":1587,\"height\":2245},{\"@type\":\"BreadcrumbList\",\"@id\":\"https:\/\/laserenavegasaltas.org\/?p=5029#breadcrumb\",\"itemListElement\":[{\"@type\":\"ListItem\",\"position\":1,\"name\":\"Portada\",\"item\":\"https:\/\/laserenavegasaltas.org\/\"},{\"@type\":\"ListItem\",\"position\":2,\"name\":\"LA SERENA, PAISAJE CULTURAL PARTICIPAR\u00c1 COMO EXPOSITOR EN FIO 2025\"}]},{\"@type\":\"WebSite\",\"@id\":\"https:\/\/laserenavegasaltas.org\/#website\",\"url\":\"https:\/\/laserenavegasaltas.org\/\",\"name\":\"Mancomunidad Integral de Servicios La Serena-Vegas Altas\",\"description\":\"Mancomunidad Integral de Servicios La Serena-Vegas Altas\",\"potentialAction\":[{\"@type\":\"SearchAction\",\"target\":{\"@type\":\"EntryPoint\",\"urlTemplate\":\"https:\/\/laserenavegasaltas.org\/?s={search_term_string}\"},\"query-input\":{\"@type\":\"PropertyValueSpecification\",\"valueRequired\":true,\"valueName\":\"search_term_string\"}}],\"inLanguage\":\"es\"},{\"@type\":\"Person\",\"@id\":\"https:\/\/laserenavegasaltas.org\/#\/schema\/person\/7e539dcfd5a02c583c4d62ca800e2d0a\",\"name\":\"adminlaserena\",\"image\":{\"@type\":\"ImageObject\",\"inLanguage\":\"es\",\"@id\":\"https:\/\/laserenavegasaltas.org\/#\/schema\/person\/image\/\",\"url\":\"https:\/\/secure.gravatar.com\/avatar\/e8a6dd0bfa694b30f5479082b82802247d9a6768a68a3f10c8e6fc54b81e49b1?s=96&d=mm&r=g\",\"contentUrl\":\"https:\/\/secure.gravatar.com\/avatar\/e8a6dd0bfa694b30f5479082b82802247d9a6768a68a3f10c8e6fc54b81e49b1?s=96&d=mm&r=g\",\"caption\":\"adminlaserena\"},\"sameAs\":[\"http:\/\/laserenavegasaltas.org\"],\"url\":\"https:\/\/laserenavegasaltas.org\/?author=1\"}]}<\/script>\n<!-- \/ Yoast SEO plugin. -->","yoast_head_json":{"title":"LA SERENA, PAISAJE CULTURAL PARTICIPAR\u00c1 COMO EXPOSITOR EN FIO 2025 - Mancomunidad Integral de Servicios La Serena-Vegas Altas","robots":{"index":"index","follow":"follow","max-snippet":"max-snippet:-1","max-image-preview":"max-image-preview:large","max-video-preview":"max-video-preview:-1"},"canonical":"https:\/\/laserenavegasaltas.org\/?p=5029","og_locale":"es_ES","og_type":"article","og_title":"LA SERENA, PAISAJE CULTURAL PARTICIPAR\u00c1 COMO EXPOSITOR EN FIO 2025 - Mancomunidad Integral de Servicios La Serena-Vegas Altas","og_description":"El Centro de Desarrollo Rural \u201cLa Serena\u201d estar\u00e1 de nuevo presente como expositor en la XX Edici\u00f3n de la Feria Internacional de Ornitolog\u00eda que tiene lugar [\u2026]","og_url":"https:\/\/laserenavegasaltas.org\/?p=5029","og_site_name":"Mancomunidad Integral de Servicios La Serena-Vegas Altas","article_published_time":"2025-02-18T07:13:23+00:00","article_modified_time":"2025-02-18T07:13:30+00:00","og_image":[{"width":724,"height":1024,"url":"https:\/\/laserenavegasaltas.org\/\/wp-content\/uploads\/2025\/02\/Cartel-FIO25-724x1024.png","type":"image\/png"}],"author":"adminlaserena","twitter_card":"summary_large_image","twitter_misc":{"Escrito por":"adminlaserena","Tiempo de lectura":"2 minutos"},"schema":{"@context":"https:\/\/schema.org","@graph":[{"@type":"WebPage","@id":"https:\/\/laserenavegasaltas.org\/?p=5029","url":"https:\/\/laserenavegasaltas.org\/?p=5029","name":"LA SERENA, PAISAJE CULTURAL PARTICIPAR\u00c1 COMO EXPOSITOR EN FIO 2025 - Mancomunidad Integral de Servicios La Serena-Vegas Altas","isPartOf":{"@id":"https:\/\/laserenavegasaltas.org\/#website"},"primaryImageOfPage":{"@id":"https:\/\/laserenavegasaltas.org\/?p=5029#primaryimage"},"image":{"@id":"https:\/\/laserenavegasaltas.org\/?p=5029#primaryimage"},"thumbnailUrl":"https:\/\/laserenavegasaltas.org\/\/wp-content\/uploads\/2025\/02\/Cartel-FIO25.png","datePublished":"2025-02-18T07:13:23+00:00","dateModified":"2025-02-18T07:13:30+00:00","author":{"@id":"https:\/\/laserenavegasaltas.org\/#\/schema\/person\/7e539dcfd5a02c583c4d62ca800e2d0a"},"breadcrumb":{"@id":"https:\/\/laserenavegasaltas.org\/?p=5029#breadcrumb"},"inLanguage":"es","potentialAction":[{"@type":"ReadAction","target":["https:\/\/laserenavegasaltas.org\/?p=5029"]}]},{"@type":"ImageObject","inLanguage":"es","@id":"https:\/\/laserenavegasaltas.org\/?p=5029#primaryimage","url":"https:\/\/laserenavegasaltas.org\/\/wp-content\/uploads\/2025\/02\/Cartel-FIO25.png","contentUrl":"https:\/\/laserenavegasaltas.org\/\/wp-content\/uploads\/2025\/02\/Cartel-FIO25.png","width":1587,"height":2245},{"@type":"BreadcrumbList","@id":"https:\/\/laserenavegasaltas.org\/?p=5029#breadcrumb","itemListElement":[{"@type":"ListItem","position":1,"name":"Portada","item":"https:\/\/laserenavegasaltas.org\/"},{"@type":"ListItem","position":2,"name":"LA SERENA, PAISAJE CULTURAL PARTICIPAR\u00c1 COMO EXPOSITOR EN FIO 2025"}]},{"@type":"WebSite","@id":"https:\/\/laserenavegasaltas.org\/#website","url":"https:\/\/laserenavegasaltas.org\/","name":"Mancomunidad Integral de Servicios La Serena-Vegas Altas","description":"Mancomunidad Integral de Servicios La Serena-Vegas Altas","potentialAction":[{"@type":"SearchAction","target":{"@type":"EntryPoint","urlTemplate":"https:\/\/laserenavegasaltas.org\/?s={search_term_string}"},"query-input":{"@type":"PropertyValueSpecification","valueRequired":true,"valueName":"search_term_string"}}],"inLanguage":"es"},{"@type":"Person","@id":"https:\/\/laserenavegasaltas.org\/#\/schema\/person\/7e539dcfd5a02c583c4d62ca800e2d0a","name":"adminlaserena","image":{"@type":"ImageObject","inLanguage":"es","@id":"https:\/\/laserenavegasaltas.org\/#\/schema\/person\/image\/","url":"https:\/\/secure.gravatar.com\/avatar\/e8a6dd0bfa694b30f5479082b82802247d9a6768a68a3f10c8e6fc54b81e49b1?s=96&d=mm&r=g","contentUrl":"https:\/\/secure.gravatar.com\/avatar\/e8a6dd0bfa694b30f5479082b82802247d9a6768a68a3f10c8e6fc54b81e49b1?s=96&d=mm&r=g","caption":"adminlaserena"},"sameAs":["http:\/\/laserenavegasaltas.org"],"url":"https:\/\/laserenavegasaltas.org\/?author=1"}]}},"_links":{"self":[{"href":"https:\/\/laserenavegasaltas.org\/index.php?rest_route=\/wp\/v2\/posts\/5029","targetHints":{"allow":["GET"]}}],"collection":[{"href":"https:\/\/laserenavegasaltas.org\/index.php?rest_route=\/wp\/v2\/posts"}],"about":[{"href":"https:\/\/laserenavegasaltas.org\/index.php?rest_route=\/wp\/v2\/types\/post"}],"author":[{"embeddable":true,"href":"https:\/\/laserenavegasaltas.org\/index.php?rest_route=\/wp\/v2\/users\/1"}],"replies":[{"embeddable":true,"href":"https:\/\/laserenavegasaltas.org\/index.php?rest_route=%2Fwp%2Fv2%2Fcomments&post=5029"}],"version-history":[{"count":1,"href":"https:\/\/laserenavegasaltas.org\/index.php?rest_route=\/wp\/v2\/posts\/5029\/revisions"}],"predecessor-version":[{"id":5031,"href":"https:\/\/laserenavegasaltas.org\/index.php?rest_route=\/wp\/v2\/posts\/5029\/revisions\/5031"}],"wp:featuredmedia":[{"embeddable":true,"href":"https:\/\/laserenavegasaltas.org\/index.php?rest_route=\/wp\/v2\/media\/5030"}],"wp:attachment":[{"href":"https:\/\/laserenavegasaltas.org\/index.php?rest_route=%2Fwp%2Fv2%2Fmedia&parent=5029"}],"wp:term":[{"taxonomy":"category","embeddable":true,"href":"https:\/\/laserenavegasaltas.org\/index.php?rest_route=%2Fwp%2Fv2%2Fcategories&post=5029"},{"taxonomy":"post_tag","embeddable":true,"href":"https:\/\/laserenavegasaltas.org\/index.php?rest_route=%2Fwp%2Fv2%2Ftags&post=5029"}],"curies":[{"name":"wp","href":"https:\/\/api.w.org\/{rel}","templated":true}]}}