{"id":5148,"date":"2025-05-21T08:49:13","date_gmt":"2025-05-21T07:49:13","guid":{"rendered":"https:\/\/laserenavegasaltas.org\/?p=5148"},"modified":"2025-05-21T08:52:23","modified_gmt":"2025-05-21T07:52:23","slug":"anuncio-aprobacion-definitiva-de-la-modificacion-de-la-plantilla-de-personal","status":"publish","type":"post","link":"https:\/\/laserenavegasaltas.org\/?p=5148","title":{"rendered":"ANUNCIO. APROBACI\u00d3N  DEFINITIVA DE LA MODIFICACI\u00d3N DE LA PLANTILLA DE PERSONAL"},"content":{"rendered":"<p>BOLET\u00cdN OFICIAL DE LA PROVINCIA DE BADAJOZ<\/p>\n<p>BOLET\u00cdN N\u00ba 95 de mi\u00e9rcoles, 21 de mayo de 2025<\/p>\n<p>ANUNCIO 1902\/2025<\/p>\n<p><a href=\"https:\/\/laserenavegasaltas.org\/\/wp-content\/uploads\/2025\/05\/ANUNCIO.-Aprobacion-definitiva-de-la-modificacion-de-la-plantilla-de-personal.pdf\">ANUNCIO. Aprobaci\u00f3n definitiva de la modificaci\u00f3n de la plantilla de personal<\/a><\/p>\n<p><a href=\"https:\/\/www.dip-badajoz.es\/bop\/ventana_anuncio.php?id_anuncio=157062&amp;FechaSolicitada=20250521000000\">ENLACE AL BOP BADAJOZ<\/a><\/p>\n","protected":false},"excerpt":{"rendered":"<p>BOLET\u00cdN OFICIAL DE LA PROVINCIA DE BADAJOZ BOLET\u00cdN N\u00ba 95 de mi\u00e9rcoles, 21 de mayo de 2025 ANUNCIO 1902\/2025 ANUNCIO. Aprobaci\u00f3n definitiva de la modificaci\u00f3n de<span class=\"excerpt-hellip\"> [\u2026]<\/span><\/p>\n","protected":false},"author":1,"featured_media":0,"comment_status":"closed","ping_status":"open","sticky":false,"template":"","format":"standard","meta":{"footnotes":""},"categories":[16],"tags":[],"class_list":["post-5148","post","type-post","status-publish","format-standard","hentry","category-tablon-de-anuncios"],"yoast_head":"<!-- This site is optimized with the Yoast SEO plugin v25.5 - https:\/\/yoast.com\/wordpress\/plugins\/seo\/ -->\n<title>ANUNCIO. APROBACI\u00d3N DEFINITIVA DE LA MODIFICACI\u00d3N DE LA PLANTILLA DE PERSONAL - Mancomunidad Integral de Servicios La Serena-Vegas Altas<\/title>\n<meta name=\"robots\" content=\"index, follow, max-snippet:-1, max-image-preview:large, max-video-preview:-1\" \/>\n<link rel=\"canonical\" href=\"https:\/\/laserenavegasaltas.org\/?p=5148\" \/>\n<meta property=\"og:locale\" content=\"es_ES\" \/>\n<meta property=\"og:type\" content=\"article\" \/>\n<meta property=\"og:title\" content=\"ANUNCIO. APROBACI\u00d3N DEFINITIVA DE LA MODIFICACI\u00d3N DE LA PLANTILLA DE PERSONAL - Mancomunidad Integral de Servicios La Serena-Vegas Altas\" \/>\n<meta property=\"og:description\" content=\"BOLET\u00cdN OFICIAL DE LA PROVINCIA DE BADAJOZ BOLET\u00cdN N\u00ba 95 de mi\u00e9rcoles, 21 de mayo de 2025 ANUNCIO 1902\/2025 ANUNCIO. Aprobaci\u00f3n definitiva de la modificaci\u00f3n de [\u2026]\" \/>\n<meta property=\"og:url\" content=\"https:\/\/laserenavegasaltas.org\/?p=5148\" \/>\n<meta property=\"og:site_name\" content=\"Mancomunidad Integral de Servicios La Serena-Vegas Altas\" \/>\n<meta property=\"article:published_time\" content=\"2025-05-21T07:49:13+00:00\" \/>\n<meta property=\"article:modified_time\" content=\"2025-05-21T07:52:23+00:00\" \/>\n<meta name=\"author\" content=\"adminlaserena\" \/>\n<meta name=\"twitter:card\" content=\"summary_large_image\" \/>\n<meta name=\"twitter:label1\" content=\"Escrito por\" \/>\n\t<meta name=\"twitter:data1\" content=\"adminlaserena\" \/>\n\t<meta name=\"twitter:label2\" content=\"Tiempo de lectura\" \/>\n\t<meta name=\"twitter:data2\" content=\"1 minuto\" \/>\n<script type=\"application\/ld+json\" class=\"yoast-schema-graph\">{\"@context\":\"https:\/\/schema.org\",\"@graph\":[{\"@type\":\"WebPage\",\"@id\":\"https:\/\/laserenavegasaltas.org\/?p=5148\",\"url\":\"https:\/\/laserenavegasaltas.org\/?p=5148\",\"name\":\"ANUNCIO. APROBACI\u00d3N DEFINITIVA DE LA MODIFICACI\u00d3N DE LA PLANTILLA DE PERSONAL - Mancomunidad Integral de Servicios La Serena-Vegas Altas\",\"isPartOf\":{\"@id\":\"https:\/\/laserenavegasaltas.org\/#website\"},\"datePublished\":\"2025-05-21T07:49:13+00:00\",\"dateModified\":\"2025-05-21T07:52:23+00:00\",\"author\":{\"@id\":\"https:\/\/laserenavegasaltas.org\/#\/schema\/person\/7e539dcfd5a02c583c4d62ca800e2d0a\"},\"breadcrumb\":{\"@id\":\"https:\/\/laserenavegasaltas.org\/?p=5148#breadcrumb\"},\"inLanguage\":\"es\",\"potentialAction\":[{\"@type\":\"ReadAction\",\"target\":[\"https:\/\/laserenavegasaltas.org\/?p=5148\"]}]},{\"@type\":\"BreadcrumbList\",\"@id\":\"https:\/\/laserenavegasaltas.org\/?p=5148#breadcrumb\",\"itemListElement\":[{\"@type\":\"ListItem\",\"position\":1,\"name\":\"Portada\",\"item\":\"https:\/\/laserenavegasaltas.org\/\"},{\"@type\":\"ListItem\",\"position\":2,\"name\":\"ANUNCIO. APROBACI\u00d3N DEFINITIVA DE LA MODIFICACI\u00d3N DE LA PLANTILLA DE PERSONAL\"}]},{\"@type\":\"WebSite\",\"@id\":\"https:\/\/laserenavegasaltas.org\/#website\",\"url\":\"https:\/\/laserenavegasaltas.org\/\",\"name\":\"Mancomunidad Integral de Servicios La Serena-Vegas Altas\",\"description\":\"Mancomunidad Integral de Servicios La Serena-Vegas Altas\",\"potentialAction\":[{\"@type\":\"SearchAction\",\"target\":{\"@type\":\"EntryPoint\",\"urlTemplate\":\"https:\/\/laserenavegasaltas.org\/?s={search_term_string}\"},\"query-input\":{\"@type\":\"PropertyValueSpecification\",\"valueRequired\":true,\"valueName\":\"search_term_string\"}}],\"inLanguage\":\"es\"},{\"@type\":\"Person\",\"@id\":\"https:\/\/laserenavegasaltas.org\/#\/schema\/person\/7e539dcfd5a02c583c4d62ca800e2d0a\",\"name\":\"adminlaserena\",\"image\":{\"@type\":\"ImageObject\",\"inLanguage\":\"es\",\"@id\":\"https:\/\/laserenavegasaltas.org\/#\/schema\/person\/image\/\",\"url\":\"https:\/\/secure.gravatar.com\/avatar\/e8a6dd0bfa694b30f5479082b82802247d9a6768a68a3f10c8e6fc54b81e49b1?s=96&d=mm&r=g\",\"contentUrl\":\"https:\/\/secure.gravatar.com\/avatar\/e8a6dd0bfa694b30f5479082b82802247d9a6768a68a3f10c8e6fc54b81e49b1?s=96&d=mm&r=g\",\"caption\":\"adminlaserena\"},\"sameAs\":[\"http:\/\/laserenavegasaltas.org\"],\"url\":\"https:\/\/laserenavegasaltas.org\/?author=1\"}]}<\/script>\n<!-- \/ Yoast SEO plugin. -->","yoast_head_json":{"title":"ANUNCIO. APROBACI\u00d3N DEFINITIVA DE LA MODIFICACI\u00d3N DE LA PLANTILLA DE PERSONAL - Mancomunidad Integral de Servicios La Serena-Vegas Altas","robots":{"index":"index","follow":"follow","max-snippet":"max-snippet:-1","max-image-preview":"max-image-preview:large","max-video-preview":"max-video-preview:-1"},"canonical":"https:\/\/laserenavegasaltas.org\/?p=5148","og_locale":"es_ES","og_type":"article","og_title":"ANUNCIO. APROBACI\u00d3N DEFINITIVA DE LA MODIFICACI\u00d3N DE LA PLANTILLA DE PERSONAL - Mancomunidad Integral de Servicios La Serena-Vegas Altas","og_description":"BOLET\u00cdN OFICIAL DE LA PROVINCIA DE BADAJOZ BOLET\u00cdN N\u00ba 95 de mi\u00e9rcoles, 21 de mayo de 2025 ANUNCIO 1902\/2025 ANUNCIO. Aprobaci\u00f3n definitiva de la modificaci\u00f3n de [\u2026]","og_url":"https:\/\/laserenavegasaltas.org\/?p=5148","og_site_name":"Mancomunidad Integral de Servicios La Serena-Vegas Altas","article_published_time":"2025-05-21T07:49:13+00:00","article_modified_time":"2025-05-21T07:52:23+00:00","author":"adminlaserena","twitter_card":"summary_large_image","twitter_misc":{"Escrito por":"adminlaserena","Tiempo de lectura":"1 minuto"},"schema":{"@context":"https:\/\/schema.org","@graph":[{"@type":"WebPage","@id":"https:\/\/laserenavegasaltas.org\/?p=5148","url":"https:\/\/laserenavegasaltas.org\/?p=5148","name":"ANUNCIO. APROBACI\u00d3N DEFINITIVA DE LA MODIFICACI\u00d3N DE LA PLANTILLA DE PERSONAL - Mancomunidad Integral de Servicios La Serena-Vegas Altas","isPartOf":{"@id":"https:\/\/laserenavegasaltas.org\/#website"},"datePublished":"2025-05-21T07:49:13+00:00","dateModified":"2025-05-21T07:52:23+00:00","author":{"@id":"https:\/\/laserenavegasaltas.org\/#\/schema\/person\/7e539dcfd5a02c583c4d62ca800e2d0a"},"breadcrumb":{"@id":"https:\/\/laserenavegasaltas.org\/?p=5148#breadcrumb"},"inLanguage":"es","potentialAction":[{"@type":"ReadAction","target":["https:\/\/laserenavegasaltas.org\/?p=5148"]}]},{"@type":"BreadcrumbList","@id":"https:\/\/laserenavegasaltas.org\/?p=5148#breadcrumb","itemListElement":[{"@type":"ListItem","position":1,"name":"Portada","item":"https:\/\/laserenavegasaltas.org\/"},{"@type":"ListItem","position":2,"name":"ANUNCIO. APROBACI\u00d3N DEFINITIVA DE LA MODIFICACI\u00d3N DE LA PLANTILLA DE PERSONAL"}]},{"@type":"WebSite","@id":"https:\/\/laserenavegasaltas.org\/#website","url":"https:\/\/laserenavegasaltas.org\/","name":"Mancomunidad Integral de Servicios La Serena-Vegas Altas","description":"Mancomunidad Integral de Servicios La Serena-Vegas Altas","potentialAction":[{"@type":"SearchAction","target":{"@type":"EntryPoint","urlTemplate":"https:\/\/laserenavegasaltas.org\/?s={search_term_string}"},"query-input":{"@type":"PropertyValueSpecification","valueRequired":true,"valueName":"search_term_string"}}],"inLanguage":"es"},{"@type":"Person","@id":"https:\/\/laserenavegasaltas.org\/#\/schema\/person\/7e539dcfd5a02c583c4d62ca800e2d0a","name":"adminlaserena","image":{"@type":"ImageObject","inLanguage":"es","@id":"https:\/\/laserenavegasaltas.org\/#\/schema\/person\/image\/","url":"https:\/\/secure.gravatar.com\/avatar\/e8a6dd0bfa694b30f5479082b82802247d9a6768a68a3f10c8e6fc54b81e49b1?s=96&d=mm&r=g","contentUrl":"https:\/\/secure.gravatar.com\/avatar\/e8a6dd0bfa694b30f5479082b82802247d9a6768a68a3f10c8e6fc54b81e49b1?s=96&d=mm&r=g","caption":"adminlaserena"},"sameAs":["http:\/\/laserenavegasaltas.org"],"url":"https:\/\/laserenavegasaltas.org\/?author=1"}]}},"_links":{"self":[{"href":"https:\/\/laserenavegasaltas.org\/index.php?rest_route=\/wp\/v2\/posts\/5148","targetHints":{"allow":["GET"]}}],"collection":[{"href":"https:\/\/laserenavegasaltas.org\/index.php?rest_route=\/wp\/v2\/posts"}],"about":[{"href":"https:\/\/laserenavegasaltas.org\/index.php?rest_route=\/wp\/v2\/types\/post"}],"author":[{"embeddable":true,"href":"https:\/\/laserenavegasaltas.org\/index.php?rest_route=\/wp\/v2\/users\/1"}],"replies":[{"embeddable":true,"href":"https:\/\/laserenavegasaltas.org\/index.php?rest_route=%2Fwp%2Fv2%2Fcomments&post=5148"}],"version-history":[{"count":3,"href":"https:\/\/laserenavegasaltas.org\/index.php?rest_route=\/wp\/v2\/posts\/5148\/revisions"}],"predecessor-version":[{"id":5152,"href":"https:\/\/laserenavegasaltas.org\/index.php?rest_route=\/wp\/v2\/posts\/5148\/revisions\/5152"}],"wp:attachment":[{"href":"https:\/\/laserenavegasaltas.org\/index.php?rest_route=%2Fwp%2Fv2%2Fmedia&parent=5148"}],"wp:term":[{"taxonomy":"category","embeddable":true,"href":"https:\/\/laserenavegasaltas.org\/index.php?rest_route=%2Fwp%2Fv2%2Fcategories&post=5148"},{"taxonomy":"post_tag","embeddable":true,"href":"https:\/\/laserenavegasaltas.org\/index.php?rest_route=%2Fwp%2Fv2%2Ftags&post=5148"}],"curies":[{"name":"wp","href":"https:\/\/api.w.org\/{rel}","templated":true}]}}