{"id":5335,"date":"2025-10-24T09:43:22","date_gmt":"2025-10-24T08:43:22","guid":{"rendered":"https:\/\/laserenavegasaltas.org\/?p=5335"},"modified":"2025-10-24T09:44:54","modified_gmt":"2025-10-24T08:44:54","slug":"aprobacion-plan-economico-financiero-2025-2026","status":"publish","type":"post","link":"https:\/\/laserenavegasaltas.org\/?p=5335","title":{"rendered":"APROBACI\u00d3N PLAN ECON\u00d3MICO FINANCIERO  2025-2026"},"content":{"rendered":"<p>BOLET\u00cdN OFICIAL DE LA PROVINCIA BADAJOZ<\/p>\n<p>BOLET\u00cdN\u00a0 N\u00ba 203, viernes, 24 de octubre de 2025<\/p>\n<p><a href=\"https:\/\/laserenavegasaltas.org\/\/wp-content\/uploads\/2025\/10\/anuncio-44752025.-Aprobacion-del-plan-economico-financiero-2025-2026.pdf\">anuncio 4475\/2025. Aprobaci\u00f3n del plan econ\u00f3mico financiero 2025-2026<\/a><\/p>\n<p>&nbsp;<\/p>\n","protected":false},"excerpt":{"rendered":"<p>BOLET\u00cdN OFICIAL DE LA PROVINCIA BADAJOZ BOLET\u00cdN\u00a0 N\u00ba 203, viernes, 24 de octubre de 2025 anuncio 4475\/2025. Aprobaci\u00f3n del plan econ\u00f3mico financiero 2025-2026 &nbsp;<\/p>\n","protected":false},"author":1,"featured_media":-1,"comment_status":"closed","ping_status":"open","sticky":false,"template":"","format":"standard","meta":{"footnotes":""},"categories":[16],"tags":[],"class_list":["post-5335","post","type-post","status-publish","format-standard","has-post-thumbnail","hentry","category-tablon-de-anuncios"],"yoast_head":"<!-- This site is optimized with the Yoast SEO plugin v25.5 - https:\/\/yoast.com\/wordpress\/plugins\/seo\/ -->\n<title>APROBACI\u00d3N PLAN ECON\u00d3MICO FINANCIERO 2025-2026 - Mancomunidad Integral de Servicios La Serena-Vegas Altas<\/title>\n<meta name=\"robots\" content=\"index, follow, max-snippet:-1, max-image-preview:large, max-video-preview:-1\" \/>\n<link rel=\"canonical\" href=\"https:\/\/laserenavegasaltas.org\/?p=5335\" \/>\n<meta property=\"og:locale\" content=\"es_ES\" \/>\n<meta property=\"og:type\" content=\"article\" \/>\n<meta property=\"og:title\" content=\"APROBACI\u00d3N PLAN ECON\u00d3MICO FINANCIERO 2025-2026 - Mancomunidad Integral de Servicios La Serena-Vegas Altas\" \/>\n<meta property=\"og:description\" content=\"BOLET\u00cdN OFICIAL DE LA PROVINCIA BADAJOZ BOLET\u00cdN\u00a0 N\u00ba 203, viernes, 24 de octubre de 2025 anuncio 4475\/2025. Aprobaci\u00f3n del plan econ\u00f3mico financiero 2025-2026 &nbsp;\" \/>\n<meta property=\"og:url\" content=\"https:\/\/laserenavegasaltas.org\/?p=5335\" \/>\n<meta property=\"og:site_name\" content=\"Mancomunidad Integral de Servicios La Serena-Vegas Altas\" \/>\n<meta property=\"article:published_time\" content=\"2025-10-24T08:43:22+00:00\" \/>\n<meta property=\"article:modified_time\" content=\"2025-10-24T08:44:54+00:00\" \/>\n<meta name=\"author\" content=\"adminlaserena\" \/>\n<meta name=\"twitter:card\" content=\"summary_large_image\" \/>\n<meta name=\"twitter:label1\" content=\"Escrito por\" \/>\n\t<meta name=\"twitter:data1\" content=\"adminlaserena\" \/>\n\t<meta name=\"twitter:label2\" content=\"Tiempo de lectura\" \/>\n\t<meta name=\"twitter:data2\" content=\"1 minuto\" \/>\n<script type=\"application\/ld+json\" class=\"yoast-schema-graph\">{\"@context\":\"https:\/\/schema.org\",\"@graph\":[{\"@type\":\"WebPage\",\"@id\":\"https:\/\/laserenavegasaltas.org\/?p=5335\",\"url\":\"https:\/\/laserenavegasaltas.org\/?p=5335\",\"name\":\"APROBACI\u00d3N PLAN ECON\u00d3MICO FINANCIERO 2025-2026 - Mancomunidad Integral de Servicios La Serena-Vegas Altas\",\"isPartOf\":{\"@id\":\"https:\/\/laserenavegasaltas.org\/#website\"},\"datePublished\":\"2025-10-24T08:43:22+00:00\",\"dateModified\":\"2025-10-24T08:44:54+00:00\",\"author\":{\"@id\":\"https:\/\/laserenavegasaltas.org\/#\/schema\/person\/7e539dcfd5a02c583c4d62ca800e2d0a\"},\"breadcrumb\":{\"@id\":\"https:\/\/laserenavegasaltas.org\/?p=5335#breadcrumb\"},\"inLanguage\":\"es\",\"potentialAction\":[{\"@type\":\"ReadAction\",\"target\":[\"https:\/\/laserenavegasaltas.org\/?p=5335\"]}]},{\"@type\":\"BreadcrumbList\",\"@id\":\"https:\/\/laserenavegasaltas.org\/?p=5335#breadcrumb\",\"itemListElement\":[{\"@type\":\"ListItem\",\"position\":1,\"name\":\"Portada\",\"item\":\"https:\/\/laserenavegasaltas.org\/\"},{\"@type\":\"ListItem\",\"position\":2,\"name\":\"APROBACI\u00d3N PLAN ECON\u00d3MICO FINANCIERO 2025-2026\"}]},{\"@type\":\"WebSite\",\"@id\":\"https:\/\/laserenavegasaltas.org\/#website\",\"url\":\"https:\/\/laserenavegasaltas.org\/\",\"name\":\"Mancomunidad Integral de Servicios La Serena-Vegas Altas\",\"description\":\"Mancomunidad Integral de Servicios La Serena-Vegas Altas\",\"potentialAction\":[{\"@type\":\"SearchAction\",\"target\":{\"@type\":\"EntryPoint\",\"urlTemplate\":\"https:\/\/laserenavegasaltas.org\/?s={search_term_string}\"},\"query-input\":{\"@type\":\"PropertyValueSpecification\",\"valueRequired\":true,\"valueName\":\"search_term_string\"}}],\"inLanguage\":\"es\"},{\"@type\":\"Person\",\"@id\":\"https:\/\/laserenavegasaltas.org\/#\/schema\/person\/7e539dcfd5a02c583c4d62ca800e2d0a\",\"name\":\"adminlaserena\",\"image\":{\"@type\":\"ImageObject\",\"inLanguage\":\"es\",\"@id\":\"https:\/\/laserenavegasaltas.org\/#\/schema\/person\/image\/\",\"url\":\"https:\/\/secure.gravatar.com\/avatar\/e8a6dd0bfa694b30f5479082b82802247d9a6768a68a3f10c8e6fc54b81e49b1?s=96&d=mm&r=g\",\"contentUrl\":\"https:\/\/secure.gravatar.com\/avatar\/e8a6dd0bfa694b30f5479082b82802247d9a6768a68a3f10c8e6fc54b81e49b1?s=96&d=mm&r=g\",\"caption\":\"adminlaserena\"},\"sameAs\":[\"http:\/\/laserenavegasaltas.org\"],\"url\":\"https:\/\/laserenavegasaltas.org\/?author=1\"}]}<\/script>\n<!-- \/ Yoast SEO plugin. -->","yoast_head_json":{"title":"APROBACI\u00d3N PLAN ECON\u00d3MICO FINANCIERO 2025-2026 - Mancomunidad Integral de Servicios La Serena-Vegas Altas","robots":{"index":"index","follow":"follow","max-snippet":"max-snippet:-1","max-image-preview":"max-image-preview:large","max-video-preview":"max-video-preview:-1"},"canonical":"https:\/\/laserenavegasaltas.org\/?p=5335","og_locale":"es_ES","og_type":"article","og_title":"APROBACI\u00d3N PLAN ECON\u00d3MICO FINANCIERO 2025-2026 - Mancomunidad Integral de Servicios La Serena-Vegas Altas","og_description":"BOLET\u00cdN OFICIAL DE LA PROVINCIA BADAJOZ BOLET\u00cdN\u00a0 N\u00ba 203, viernes, 24 de octubre de 2025 anuncio 4475\/2025. Aprobaci\u00f3n del plan econ\u00f3mico financiero 2025-2026 &nbsp;","og_url":"https:\/\/laserenavegasaltas.org\/?p=5335","og_site_name":"Mancomunidad Integral de Servicios La Serena-Vegas Altas","article_published_time":"2025-10-24T08:43:22+00:00","article_modified_time":"2025-10-24T08:44:54+00:00","author":"adminlaserena","twitter_card":"summary_large_image","twitter_misc":{"Escrito por":"adminlaserena","Tiempo de lectura":"1 minuto"},"schema":{"@context":"https:\/\/schema.org","@graph":[{"@type":"WebPage","@id":"https:\/\/laserenavegasaltas.org\/?p=5335","url":"https:\/\/laserenavegasaltas.org\/?p=5335","name":"APROBACI\u00d3N PLAN ECON\u00d3MICO FINANCIERO 2025-2026 - Mancomunidad Integral de Servicios La Serena-Vegas Altas","isPartOf":{"@id":"https:\/\/laserenavegasaltas.org\/#website"},"datePublished":"2025-10-24T08:43:22+00:00","dateModified":"2025-10-24T08:44:54+00:00","author":{"@id":"https:\/\/laserenavegasaltas.org\/#\/schema\/person\/7e539dcfd5a02c583c4d62ca800e2d0a"},"breadcrumb":{"@id":"https:\/\/laserenavegasaltas.org\/?p=5335#breadcrumb"},"inLanguage":"es","potentialAction":[{"@type":"ReadAction","target":["https:\/\/laserenavegasaltas.org\/?p=5335"]}]},{"@type":"BreadcrumbList","@id":"https:\/\/laserenavegasaltas.org\/?p=5335#breadcrumb","itemListElement":[{"@type":"ListItem","position":1,"name":"Portada","item":"https:\/\/laserenavegasaltas.org\/"},{"@type":"ListItem","position":2,"name":"APROBACI\u00d3N PLAN ECON\u00d3MICO FINANCIERO 2025-2026"}]},{"@type":"WebSite","@id":"https:\/\/laserenavegasaltas.org\/#website","url":"https:\/\/laserenavegasaltas.org\/","name":"Mancomunidad Integral de Servicios La Serena-Vegas Altas","description":"Mancomunidad Integral de Servicios La Serena-Vegas Altas","potentialAction":[{"@type":"SearchAction","target":{"@type":"EntryPoint","urlTemplate":"https:\/\/laserenavegasaltas.org\/?s={search_term_string}"},"query-input":{"@type":"PropertyValueSpecification","valueRequired":true,"valueName":"search_term_string"}}],"inLanguage":"es"},{"@type":"Person","@id":"https:\/\/laserenavegasaltas.org\/#\/schema\/person\/7e539dcfd5a02c583c4d62ca800e2d0a","name":"adminlaserena","image":{"@type":"ImageObject","inLanguage":"es","@id":"https:\/\/laserenavegasaltas.org\/#\/schema\/person\/image\/","url":"https:\/\/secure.gravatar.com\/avatar\/e8a6dd0bfa694b30f5479082b82802247d9a6768a68a3f10c8e6fc54b81e49b1?s=96&d=mm&r=g","contentUrl":"https:\/\/secure.gravatar.com\/avatar\/e8a6dd0bfa694b30f5479082b82802247d9a6768a68a3f10c8e6fc54b81e49b1?s=96&d=mm&r=g","caption":"adminlaserena"},"sameAs":["http:\/\/laserenavegasaltas.org"],"url":"https:\/\/laserenavegasaltas.org\/?author=1"}]}},"_links":{"self":[{"href":"https:\/\/laserenavegasaltas.org\/index.php?rest_route=\/wp\/v2\/posts\/5335","targetHints":{"allow":["GET"]}}],"collection":[{"href":"https:\/\/laserenavegasaltas.org\/index.php?rest_route=\/wp\/v2\/posts"}],"about":[{"href":"https:\/\/laserenavegasaltas.org\/index.php?rest_route=\/wp\/v2\/types\/post"}],"author":[{"embeddable":true,"href":"https:\/\/laserenavegasaltas.org\/index.php?rest_route=\/wp\/v2\/users\/1"}],"replies":[{"embeddable":true,"href":"https:\/\/laserenavegasaltas.org\/index.php?rest_route=%2Fwp%2Fv2%2Fcomments&post=5335"}],"version-history":[{"count":1,"href":"https:\/\/laserenavegasaltas.org\/index.php?rest_route=\/wp\/v2\/posts\/5335\/revisions"}],"predecessor-version":[{"id":5337,"href":"https:\/\/laserenavegasaltas.org\/index.php?rest_route=\/wp\/v2\/posts\/5335\/revisions\/5337"}],"wp:featuredmedia":[{"embeddable":true,"href":"https:\/\/laserenavegasaltas.org\/index.php?rest_route=\/"}],"wp:attachment":[{"href":"https:\/\/laserenavegasaltas.org\/index.php?rest_route=%2Fwp%2Fv2%2Fmedia&parent=5335"}],"wp:term":[{"taxonomy":"category","embeddable":true,"href":"https:\/\/laserenavegasaltas.org\/index.php?rest_route=%2Fwp%2Fv2%2Fcategories&post=5335"},{"taxonomy":"post_tag","embeddable":true,"href":"https:\/\/laserenavegasaltas.org\/index.php?rest_route=%2Fwp%2Fv2%2Ftags&post=5335"}],"curies":[{"name":"wp","href":"https:\/\/api.w.org\/{rel}","templated":true}]}}