{"id":5489,"date":"2026-03-11T08:36:21","date_gmt":"2026-03-11T07:36:21","guid":{"rendered":"https:\/\/laserenavegasaltas.org\/?p=5489"},"modified":"2026-04-30T09:30:43","modified_gmt":"2026-04-30T08:30:43","slug":"convocatoria-para-la-contratacion-por-tiempo-indefinido-de-un-a-licenciado-a-en-derecho-para-su-adscripcion-a-la-oficina-tecnica-de-urbanismo-y-desarrollo-territorial-sostenible-actualizacion-11-03","status":"publish","type":"post","link":"https:\/\/laserenavegasaltas.org\/?p=5489","title":{"rendered":"Convocatoria para la contrataci\u00f3n por tiempo indefinido de un\/a Licenciado\/a en Derecho, para su adscripci\u00f3n a la Oficina T\u00e9cnica de Urbanismo y Desarrollo Territorial Sostenible (actualizaci\u00f3n 30\/04\/2026)"},"content":{"rendered":"<p><strong>ACTUALIZACI\u00d3N 30\/04\/2026<\/strong><\/p>\n<p>Anuncio relativo a la aprobaci\u00f3n de la lista definitiva de personas aspirantes admitidas y excluidas, la composici\u00f3n del tribunal calificador y la fijaci\u00f3n de la fecha y hora para la realizaci\u00f3n del primer ejercicio de que consta la oposici\u00f3n<\/p>\n<p><a href=\"https:\/\/laserenavegasaltas.org\/\/wp-content\/uploads\/2026\/04\/anuncio-resolucion-lista-definitiva-y-tribunal.pdf\">ANUNCIO RESOLUCI\u00d3N LISTA DEFINITVA Y TRIBUNAL<\/a><\/p>\n<p><strong>ACTUALIZACI\u00d3N 30\/03\/2026<\/strong><\/p>\n<p>LISTADO PROVISIONAL DE ADMITIDOS<\/p>\n<p><a href=\"https:\/\/laserenavegasaltas.org\/\/wp-content\/uploads\/2026\/03\/anuncio-resolucion-lista-provisional.pdf\">Anuncio resoluci\u00f3n lista provisional<\/a><\/p>\n<p><strong>ACTUALIZACI\u00d3N 11\/03\/2026<\/strong><\/p>\n<p>Convocatoria para la contrataci\u00f3n por tiempo indefinido de un\/a Licenciado\/a en Derecho, para su adscripci\u00f3n a la Oficina T\u00e9cnica de Urbanismo y Desarrollo Territorial Sostenible<\/p>\n<p>BOLET\u00cdN OFICIAL DE LA PROVINCIA DE BADAJOZ. Bolet\u00edn ordinario n.\u00ba 47 de\u00a0 <time datetime=\"2026-03-11\">mi\u00e9rcoles, 11 de marzo de 2026<\/time><\/p>\n<div><a href=\"https:\/\/www.dip-badajoz.es\/bop\/ventana_anuncio.php?id_anuncio=161504&amp;FechaSolicitada=20260311000000\">ENLACE AL Anuncio\u00a0<strong>789\/2026<\/strong><\/a><\/div>\n<div><\/div>\n<div>\n<p><strong>BASES PUBLICADAS EN EL BOP N\u00ba 236 de martes, 10 de diciembre de 2024.<\/strong><\/p>\n<p><a href=\"https:\/\/www.dip-badajoz.es\/bop\/ventana_anuncio.php?id_anuncio=154652&amp;FechaSolicitada=20241210000000\">ANUNCIO 5924\/2024 <\/a><\/p>\n<p>Bases de convocatoria para cubrir varios puestos<\/p>\n<p>Modelo ANEXO I:\u00a0<a href=\"https:\/\/laserenavegasaltas.org\/\/wp-content\/uploads\/2024\/12\/anexo-I.pdf\">anexo I<\/a><\/p>\n<p>&nbsp;<\/p>\n<\/div>\n","protected":false},"excerpt":{"rendered":"<p>ACTUALIZACI\u00d3N 30\/04\/2026 Anuncio relativo a la aprobaci\u00f3n de la lista definitiva de personas aspirantes admitidas y excluidas, la composici\u00f3n del tribunal calificador y la fijaci\u00f3n de<span class=\"excerpt-hellip\"> [\u2026]<\/span><\/p>\n","protected":false},"author":1,"featured_media":-1,"comment_status":"closed","ping_status":"open","sticky":false,"template":"","format":"standard","meta":{"footnotes":""},"categories":[14],"tags":[],"class_list":["post-5489","post","type-post","status-publish","format-standard","has-post-thumbnail","hentry","category-novedades"],"yoast_head":"<!-- This site is optimized with the Yoast SEO plugin v25.5 - https:\/\/yoast.com\/wordpress\/plugins\/seo\/ -->\n<title>Convocatoria para la contrataci\u00f3n por tiempo indefinido de un\/a Licenciado\/a en Derecho, para su adscripci\u00f3n a la Oficina T\u00e9cnica de Urbanismo y Desarrollo Territorial Sostenible (actualizaci\u00f3n 30\/04\/2026) - Mancomunidad Integral de Servicios La Serena-Vegas Altas<\/title>\n<meta name=\"robots\" content=\"index, follow, max-snippet:-1, max-image-preview:large, max-video-preview:-1\" \/>\n<link rel=\"canonical\" href=\"https:\/\/laserenavegasaltas.org\/?p=5489\" \/>\n<meta property=\"og:locale\" content=\"es_ES\" \/>\n<meta property=\"og:type\" content=\"article\" \/>\n<meta property=\"og:title\" content=\"Convocatoria para la contrataci\u00f3n por tiempo indefinido de un\/a Licenciado\/a en Derecho, para su adscripci\u00f3n a la Oficina T\u00e9cnica de Urbanismo y Desarrollo Territorial Sostenible (actualizaci\u00f3n 30\/04\/2026) - Mancomunidad Integral de Servicios La Serena-Vegas Altas\" \/>\n<meta property=\"og:description\" content=\"ACTUALIZACI\u00d3N 30\/04\/2026 Anuncio relativo a la aprobaci\u00f3n de la lista definitiva de personas aspirantes admitidas y excluidas, la composici\u00f3n del tribunal calificador y la fijaci\u00f3n de [\u2026]\" \/>\n<meta property=\"og:url\" content=\"https:\/\/laserenavegasaltas.org\/?p=5489\" \/>\n<meta property=\"og:site_name\" content=\"Mancomunidad Integral de Servicios La Serena-Vegas Altas\" \/>\n<meta property=\"article:published_time\" content=\"2026-03-11T07:36:21+00:00\" \/>\n<meta property=\"article:modified_time\" content=\"2026-04-30T08:30:43+00:00\" \/>\n<meta name=\"author\" content=\"adminlaserena\" \/>\n<meta name=\"twitter:card\" content=\"summary_large_image\" \/>\n<meta name=\"twitter:label1\" content=\"Escrito por\" \/>\n\t<meta name=\"twitter:data1\" content=\"adminlaserena\" \/>\n\t<meta name=\"twitter:label2\" content=\"Tiempo de lectura\" \/>\n\t<meta name=\"twitter:data2\" content=\"1 minuto\" \/>\n<script type=\"application\/ld+json\" class=\"yoast-schema-graph\">{\"@context\":\"https:\/\/schema.org\",\"@graph\":[{\"@type\":\"WebPage\",\"@id\":\"https:\/\/laserenavegasaltas.org\/?p=5489\",\"url\":\"https:\/\/laserenavegasaltas.org\/?p=5489\",\"name\":\"Convocatoria para la contrataci\u00f3n por tiempo indefinido de un\/a Licenciado\/a en Derecho, para su adscripci\u00f3n a la Oficina T\u00e9cnica de Urbanismo y Desarrollo Territorial Sostenible (actualizaci\u00f3n 30\/04\/2026) - Mancomunidad Integral de Servicios La Serena-Vegas Altas\",\"isPartOf\":{\"@id\":\"https:\/\/laserenavegasaltas.org\/#website\"},\"datePublished\":\"2026-03-11T07:36:21+00:00\",\"dateModified\":\"2026-04-30T08:30:43+00:00\",\"author\":{\"@id\":\"https:\/\/laserenavegasaltas.org\/#\/schema\/person\/7e539dcfd5a02c583c4d62ca800e2d0a\"},\"breadcrumb\":{\"@id\":\"https:\/\/laserenavegasaltas.org\/?p=5489#breadcrumb\"},\"inLanguage\":\"es\",\"potentialAction\":[{\"@type\":\"ReadAction\",\"target\":[\"https:\/\/laserenavegasaltas.org\/?p=5489\"]}]},{\"@type\":\"BreadcrumbList\",\"@id\":\"https:\/\/laserenavegasaltas.org\/?p=5489#breadcrumb\",\"itemListElement\":[{\"@type\":\"ListItem\",\"position\":1,\"name\":\"Portada\",\"item\":\"https:\/\/laserenavegasaltas.org\/\"},{\"@type\":\"ListItem\",\"position\":2,\"name\":\"Convocatoria para la contrataci\u00f3n por tiempo indefinido de un\/a Licenciado\/a en Derecho, para su adscripci\u00f3n a la Oficina T\u00e9cnica de Urbanismo y Desarrollo Territorial Sostenible (actualizaci\u00f3n 30\/04\/2026)\"}]},{\"@type\":\"WebSite\",\"@id\":\"https:\/\/laserenavegasaltas.org\/#website\",\"url\":\"https:\/\/laserenavegasaltas.org\/\",\"name\":\"Mancomunidad Integral de Servicios La Serena-Vegas Altas\",\"description\":\"Mancomunidad Integral de Servicios La Serena-Vegas Altas\",\"potentialAction\":[{\"@type\":\"SearchAction\",\"target\":{\"@type\":\"EntryPoint\",\"urlTemplate\":\"https:\/\/laserenavegasaltas.org\/?s={search_term_string}\"},\"query-input\":{\"@type\":\"PropertyValueSpecification\",\"valueRequired\":true,\"valueName\":\"search_term_string\"}}],\"inLanguage\":\"es\"},{\"@type\":\"Person\",\"@id\":\"https:\/\/laserenavegasaltas.org\/#\/schema\/person\/7e539dcfd5a02c583c4d62ca800e2d0a\",\"name\":\"adminlaserena\",\"image\":{\"@type\":\"ImageObject\",\"inLanguage\":\"es\",\"@id\":\"https:\/\/laserenavegasaltas.org\/#\/schema\/person\/image\/\",\"url\":\"https:\/\/secure.gravatar.com\/avatar\/e8a6dd0bfa694b30f5479082b82802247d9a6768a68a3f10c8e6fc54b81e49b1?s=96&d=mm&r=g\",\"contentUrl\":\"https:\/\/secure.gravatar.com\/avatar\/e8a6dd0bfa694b30f5479082b82802247d9a6768a68a3f10c8e6fc54b81e49b1?s=96&d=mm&r=g\",\"caption\":\"adminlaserena\"},\"sameAs\":[\"http:\/\/laserenavegasaltas.org\"],\"url\":\"https:\/\/laserenavegasaltas.org\/?author=1\"}]}<\/script>\n<!-- \/ Yoast SEO plugin. -->","yoast_head_json":{"title":"Convocatoria para la contrataci\u00f3n por tiempo indefinido de un\/a Licenciado\/a en Derecho, para su adscripci\u00f3n a la Oficina T\u00e9cnica de Urbanismo y Desarrollo Territorial Sostenible (actualizaci\u00f3n 30\/04\/2026) - Mancomunidad Integral de Servicios La Serena-Vegas Altas","robots":{"index":"index","follow":"follow","max-snippet":"max-snippet:-1","max-image-preview":"max-image-preview:large","max-video-preview":"max-video-preview:-1"},"canonical":"https:\/\/laserenavegasaltas.org\/?p=5489","og_locale":"es_ES","og_type":"article","og_title":"Convocatoria para la contrataci\u00f3n por tiempo indefinido de un\/a Licenciado\/a en Derecho, para su adscripci\u00f3n a la Oficina T\u00e9cnica de Urbanismo y Desarrollo Territorial Sostenible (actualizaci\u00f3n 30\/04\/2026) - Mancomunidad Integral de Servicios La Serena-Vegas Altas","og_description":"ACTUALIZACI\u00d3N 30\/04\/2026 Anuncio relativo a la aprobaci\u00f3n de la lista definitiva de personas aspirantes admitidas y excluidas, la composici\u00f3n del tribunal calificador y la fijaci\u00f3n de [\u2026]","og_url":"https:\/\/laserenavegasaltas.org\/?p=5489","og_site_name":"Mancomunidad Integral de Servicios La Serena-Vegas Altas","article_published_time":"2026-03-11T07:36:21+00:00","article_modified_time":"2026-04-30T08:30:43+00:00","author":"adminlaserena","twitter_card":"summary_large_image","twitter_misc":{"Escrito por":"adminlaserena","Tiempo de lectura":"1 minuto"},"schema":{"@context":"https:\/\/schema.org","@graph":[{"@type":"WebPage","@id":"https:\/\/laserenavegasaltas.org\/?p=5489","url":"https:\/\/laserenavegasaltas.org\/?p=5489","name":"Convocatoria para la contrataci\u00f3n por tiempo indefinido de un\/a Licenciado\/a en Derecho, para su adscripci\u00f3n a la Oficina T\u00e9cnica de Urbanismo y Desarrollo Territorial Sostenible (actualizaci\u00f3n 30\/04\/2026) - Mancomunidad Integral de Servicios La Serena-Vegas Altas","isPartOf":{"@id":"https:\/\/laserenavegasaltas.org\/#website"},"datePublished":"2026-03-11T07:36:21+00:00","dateModified":"2026-04-30T08:30:43+00:00","author":{"@id":"https:\/\/laserenavegasaltas.org\/#\/schema\/person\/7e539dcfd5a02c583c4d62ca800e2d0a"},"breadcrumb":{"@id":"https:\/\/laserenavegasaltas.org\/?p=5489#breadcrumb"},"inLanguage":"es","potentialAction":[{"@type":"ReadAction","target":["https:\/\/laserenavegasaltas.org\/?p=5489"]}]},{"@type":"BreadcrumbList","@id":"https:\/\/laserenavegasaltas.org\/?p=5489#breadcrumb","itemListElement":[{"@type":"ListItem","position":1,"name":"Portada","item":"https:\/\/laserenavegasaltas.org\/"},{"@type":"ListItem","position":2,"name":"Convocatoria para la contrataci\u00f3n por tiempo indefinido de un\/a Licenciado\/a en Derecho, para su adscripci\u00f3n a la Oficina T\u00e9cnica de Urbanismo y Desarrollo Territorial Sostenible (actualizaci\u00f3n 30\/04\/2026)"}]},{"@type":"WebSite","@id":"https:\/\/laserenavegasaltas.org\/#website","url":"https:\/\/laserenavegasaltas.org\/","name":"Mancomunidad Integral de Servicios La Serena-Vegas Altas","description":"Mancomunidad Integral de Servicios La Serena-Vegas Altas","potentialAction":[{"@type":"SearchAction","target":{"@type":"EntryPoint","urlTemplate":"https:\/\/laserenavegasaltas.org\/?s={search_term_string}"},"query-input":{"@type":"PropertyValueSpecification","valueRequired":true,"valueName":"search_term_string"}}],"inLanguage":"es"},{"@type":"Person","@id":"https:\/\/laserenavegasaltas.org\/#\/schema\/person\/7e539dcfd5a02c583c4d62ca800e2d0a","name":"adminlaserena","image":{"@type":"ImageObject","inLanguage":"es","@id":"https:\/\/laserenavegasaltas.org\/#\/schema\/person\/image\/","url":"https:\/\/secure.gravatar.com\/avatar\/e8a6dd0bfa694b30f5479082b82802247d9a6768a68a3f10c8e6fc54b81e49b1?s=96&d=mm&r=g","contentUrl":"https:\/\/secure.gravatar.com\/avatar\/e8a6dd0bfa694b30f5479082b82802247d9a6768a68a3f10c8e6fc54b81e49b1?s=96&d=mm&r=g","caption":"adminlaserena"},"sameAs":["http:\/\/laserenavegasaltas.org"],"url":"https:\/\/laserenavegasaltas.org\/?author=1"}]}},"_links":{"self":[{"href":"https:\/\/laserenavegasaltas.org\/index.php?rest_route=\/wp\/v2\/posts\/5489","targetHints":{"allow":["GET"]}}],"collection":[{"href":"https:\/\/laserenavegasaltas.org\/index.php?rest_route=\/wp\/v2\/posts"}],"about":[{"href":"https:\/\/laserenavegasaltas.org\/index.php?rest_route=\/wp\/v2\/types\/post"}],"author":[{"embeddable":true,"href":"https:\/\/laserenavegasaltas.org\/index.php?rest_route=\/wp\/v2\/users\/1"}],"replies":[{"embeddable":true,"href":"https:\/\/laserenavegasaltas.org\/index.php?rest_route=%2Fwp%2Fv2%2Fcomments&post=5489"}],"version-history":[{"count":8,"href":"https:\/\/laserenavegasaltas.org\/index.php?rest_route=\/wp\/v2\/posts\/5489\/revisions"}],"predecessor-version":[{"id":5563,"href":"https:\/\/laserenavegasaltas.org\/index.php?rest_route=\/wp\/v2\/posts\/5489\/revisions\/5563"}],"wp:featuredmedia":[{"embeddable":true,"href":"https:\/\/laserenavegasaltas.org\/index.php?rest_route=\/"}],"wp:attachment":[{"href":"https:\/\/laserenavegasaltas.org\/index.php?rest_route=%2Fwp%2Fv2%2Fmedia&parent=5489"}],"wp:term":[{"taxonomy":"category","embeddable":true,"href":"https:\/\/laserenavegasaltas.org\/index.php?rest_route=%2Fwp%2Fv2%2Fcategories&post=5489"},{"taxonomy":"post_tag","embeddable":true,"href":"https:\/\/laserenavegasaltas.org\/index.php?rest_route=%2Fwp%2Fv2%2Ftags&post=5489"}],"curies":[{"name":"wp","href":"https:\/\/api.w.org\/{rel}","templated":true}]}}