{"id":5511,"date":"2026-03-13T09:18:09","date_gmt":"2026-03-13T08:18:09","guid":{"rendered":"https:\/\/laserenavegasaltas.org\/?p=5511"},"modified":"2026-03-18T10:04:57","modified_gmt":"2026-03-18T09:04:57","slug":"convocatoria-contratacion-tecnico-a-programa-proprefame-2026","status":"publish","type":"post","link":"https:\/\/laserenavegasaltas.org\/?p=5511","title":{"rendered":"CONVOCATORIA  CONTRATACI\u00d3N TECNICO\/A PROGRAMA PROPREFAME 2026"},"content":{"rendered":"<p><strong>ACTUALIZACI\u00d3N 18\/03\/2026<\/strong><\/p>\n<p>LISTADO DEFINITIVO DE DEMANDANTES <strong>SELECCIONADOS<\/strong><\/p>\n<p><a href=\"https:\/\/laserenavegasaltas.org\/\/wp-content\/uploads\/2026\/03\/RELACION-DEFINITIVA-TEC.-PROPREFAME.pdf\">RELACI\u00d3N DEFINITIVA T\u00c9C. PROPREFAME<\/a><\/p>\n<p><strong>ACTUALIZACI\u00d3N 13\/03\/2026<\/strong><\/p>\n<p>LISTADO PROVISIONAL DE DEMANDANTES <strong>PRE-SELECCIONADOS\u00a0<\/strong><\/p>\n<p><a href=\"https:\/\/laserenavegasaltas.org\/\/wp-content\/uploads\/2026\/03\/RELACION-PROVISIONAL-TEC.-PROPREFAME.pdf\">RELACI\u00d3N PROVISIONAL T\u00c9C. PROPREFAME<\/a><\/p>\n<p>BASES\u00a0 PARA LA CONTRATACI\u00d3N DE UN\/A T\u00c9CNICO\/A PARA LA REALIZACI\u00d3N DE LAS ACCIONES DEL PROGRAMA DE PREVENCI\u00d3N CON FAMILIAS Y MENORES EN RIESGO SOCIAL DURANTE EL A\u00d1O<\/p>\n<p><a href=\"https:\/\/laserenavegasaltas.org\/\/wp-content\/uploads\/2026\/03\/resolucion-bases-PROPREFAME-2026.pdf\">BASES CONVOCATORIA PROPREFAME 2026<\/a><\/p>\n","protected":false},"excerpt":{"rendered":"<p>ACTUALIZACI\u00d3N 18\/03\/2026 LISTADO DEFINITIVO DE DEMANDANTES SELECCIONADOS RELACI\u00d3N DEFINITIVA T\u00c9C. PROPREFAME ACTUALIZACI\u00d3N 13\/03\/2026 LISTADO PROVISIONAL DE DEMANDANTES PRE-SELECCIONADOS\u00a0 RELACI\u00d3N PROVISIONAL T\u00c9C. PROPREFAME BASES\u00a0 PARA LA CONTRATACI\u00d3N<span class=\"excerpt-hellip\"> [\u2026]<\/span><\/p>\n","protected":false},"author":1,"featured_media":-1,"comment_status":"closed","ping_status":"open","sticky":false,"template":"","format":"standard","meta":{"footnotes":""},"categories":[14],"tags":[],"class_list":["post-5511","post","type-post","status-publish","format-standard","has-post-thumbnail","hentry","category-novedades"],"yoast_head":"<!-- This site is optimized with the Yoast SEO plugin v25.5 - https:\/\/yoast.com\/wordpress\/plugins\/seo\/ -->\n<title>CONVOCATORIA CONTRATACI\u00d3N TECNICO\/A PROGRAMA PROPREFAME 2026 - Mancomunidad Integral de Servicios La Serena-Vegas Altas<\/title>\n<meta name=\"robots\" content=\"index, follow, max-snippet:-1, max-image-preview:large, max-video-preview:-1\" \/>\n<link rel=\"canonical\" href=\"https:\/\/laserenavegasaltas.org\/?p=5511\" \/>\n<meta property=\"og:locale\" content=\"es_ES\" \/>\n<meta property=\"og:type\" content=\"article\" \/>\n<meta property=\"og:title\" content=\"CONVOCATORIA CONTRATACI\u00d3N TECNICO\/A PROGRAMA PROPREFAME 2026 - Mancomunidad Integral de Servicios La Serena-Vegas Altas\" \/>\n<meta property=\"og:description\" content=\"ACTUALIZACI\u00d3N 18\/03\/2026 LISTADO DEFINITIVO DE DEMANDANTES SELECCIONADOS RELACI\u00d3N DEFINITIVA T\u00c9C. PROPREFAME ACTUALIZACI\u00d3N 13\/03\/2026 LISTADO PROVISIONAL DE DEMANDANTES PRE-SELECCIONADOS\u00a0 RELACI\u00d3N PROVISIONAL T\u00c9C. PROPREFAME BASES\u00a0 PARA LA CONTRATACI\u00d3N [\u2026]\" \/>\n<meta property=\"og:url\" content=\"https:\/\/laserenavegasaltas.org\/?p=5511\" \/>\n<meta property=\"og:site_name\" content=\"Mancomunidad Integral de Servicios La Serena-Vegas Altas\" \/>\n<meta property=\"article:published_time\" content=\"2026-03-13T08:18:09+00:00\" \/>\n<meta property=\"article:modified_time\" content=\"2026-03-18T09:04:57+00:00\" \/>\n<meta name=\"author\" content=\"adminlaserena\" \/>\n<meta name=\"twitter:card\" content=\"summary_large_image\" \/>\n<meta name=\"twitter:label1\" content=\"Escrito por\" \/>\n\t<meta name=\"twitter:data1\" content=\"adminlaserena\" \/>\n\t<meta name=\"twitter:label2\" content=\"Tiempo de lectura\" \/>\n\t<meta name=\"twitter:data2\" content=\"1 minuto\" \/>\n<script type=\"application\/ld+json\" class=\"yoast-schema-graph\">{\"@context\":\"https:\/\/schema.org\",\"@graph\":[{\"@type\":\"WebPage\",\"@id\":\"https:\/\/laserenavegasaltas.org\/?p=5511\",\"url\":\"https:\/\/laserenavegasaltas.org\/?p=5511\",\"name\":\"CONVOCATORIA CONTRATACI\u00d3N TECNICO\/A PROGRAMA PROPREFAME 2026 - Mancomunidad Integral de Servicios La Serena-Vegas Altas\",\"isPartOf\":{\"@id\":\"https:\/\/laserenavegasaltas.org\/#website\"},\"datePublished\":\"2026-03-13T08:18:09+00:00\",\"dateModified\":\"2026-03-18T09:04:57+00:00\",\"author\":{\"@id\":\"https:\/\/laserenavegasaltas.org\/#\/schema\/person\/7e539dcfd5a02c583c4d62ca800e2d0a\"},\"breadcrumb\":{\"@id\":\"https:\/\/laserenavegasaltas.org\/?p=5511#breadcrumb\"},\"inLanguage\":\"es\",\"potentialAction\":[{\"@type\":\"ReadAction\",\"target\":[\"https:\/\/laserenavegasaltas.org\/?p=5511\"]}]},{\"@type\":\"BreadcrumbList\",\"@id\":\"https:\/\/laserenavegasaltas.org\/?p=5511#breadcrumb\",\"itemListElement\":[{\"@type\":\"ListItem\",\"position\":1,\"name\":\"Portada\",\"item\":\"https:\/\/laserenavegasaltas.org\/\"},{\"@type\":\"ListItem\",\"position\":2,\"name\":\"CONVOCATORIA CONTRATACI\u00d3N TECNICO\/A PROGRAMA PROPREFAME 2026\"}]},{\"@type\":\"WebSite\",\"@id\":\"https:\/\/laserenavegasaltas.org\/#website\",\"url\":\"https:\/\/laserenavegasaltas.org\/\",\"name\":\"Mancomunidad Integral de Servicios La Serena-Vegas Altas\",\"description\":\"Mancomunidad Integral de Servicios La Serena-Vegas Altas\",\"potentialAction\":[{\"@type\":\"SearchAction\",\"target\":{\"@type\":\"EntryPoint\",\"urlTemplate\":\"https:\/\/laserenavegasaltas.org\/?s={search_term_string}\"},\"query-input\":{\"@type\":\"PropertyValueSpecification\",\"valueRequired\":true,\"valueName\":\"search_term_string\"}}],\"inLanguage\":\"es\"},{\"@type\":\"Person\",\"@id\":\"https:\/\/laserenavegasaltas.org\/#\/schema\/person\/7e539dcfd5a02c583c4d62ca800e2d0a\",\"name\":\"adminlaserena\",\"image\":{\"@type\":\"ImageObject\",\"inLanguage\":\"es\",\"@id\":\"https:\/\/laserenavegasaltas.org\/#\/schema\/person\/image\/\",\"url\":\"https:\/\/secure.gravatar.com\/avatar\/e8a6dd0bfa694b30f5479082b82802247d9a6768a68a3f10c8e6fc54b81e49b1?s=96&d=mm&r=g\",\"contentUrl\":\"https:\/\/secure.gravatar.com\/avatar\/e8a6dd0bfa694b30f5479082b82802247d9a6768a68a3f10c8e6fc54b81e49b1?s=96&d=mm&r=g\",\"caption\":\"adminlaserena\"},\"sameAs\":[\"http:\/\/laserenavegasaltas.org\"],\"url\":\"https:\/\/laserenavegasaltas.org\/?author=1\"}]}<\/script>\n<!-- \/ Yoast SEO plugin. -->","yoast_head_json":{"title":"CONVOCATORIA CONTRATACI\u00d3N TECNICO\/A PROGRAMA PROPREFAME 2026 - Mancomunidad Integral de Servicios La Serena-Vegas Altas","robots":{"index":"index","follow":"follow","max-snippet":"max-snippet:-1","max-image-preview":"max-image-preview:large","max-video-preview":"max-video-preview:-1"},"canonical":"https:\/\/laserenavegasaltas.org\/?p=5511","og_locale":"es_ES","og_type":"article","og_title":"CONVOCATORIA CONTRATACI\u00d3N TECNICO\/A PROGRAMA PROPREFAME 2026 - Mancomunidad Integral de Servicios La Serena-Vegas Altas","og_description":"ACTUALIZACI\u00d3N 18\/03\/2026 LISTADO DEFINITIVO DE DEMANDANTES SELECCIONADOS RELACI\u00d3N DEFINITIVA T\u00c9C. PROPREFAME ACTUALIZACI\u00d3N 13\/03\/2026 LISTADO PROVISIONAL DE DEMANDANTES PRE-SELECCIONADOS\u00a0 RELACI\u00d3N PROVISIONAL T\u00c9C. PROPREFAME BASES\u00a0 PARA LA CONTRATACI\u00d3N [\u2026]","og_url":"https:\/\/laserenavegasaltas.org\/?p=5511","og_site_name":"Mancomunidad Integral de Servicios La Serena-Vegas Altas","article_published_time":"2026-03-13T08:18:09+00:00","article_modified_time":"2026-03-18T09:04:57+00:00","author":"adminlaserena","twitter_card":"summary_large_image","twitter_misc":{"Escrito por":"adminlaserena","Tiempo de lectura":"1 minuto"},"schema":{"@context":"https:\/\/schema.org","@graph":[{"@type":"WebPage","@id":"https:\/\/laserenavegasaltas.org\/?p=5511","url":"https:\/\/laserenavegasaltas.org\/?p=5511","name":"CONVOCATORIA CONTRATACI\u00d3N TECNICO\/A PROGRAMA PROPREFAME 2026 - Mancomunidad Integral de Servicios La Serena-Vegas Altas","isPartOf":{"@id":"https:\/\/laserenavegasaltas.org\/#website"},"datePublished":"2026-03-13T08:18:09+00:00","dateModified":"2026-03-18T09:04:57+00:00","author":{"@id":"https:\/\/laserenavegasaltas.org\/#\/schema\/person\/7e539dcfd5a02c583c4d62ca800e2d0a"},"breadcrumb":{"@id":"https:\/\/laserenavegasaltas.org\/?p=5511#breadcrumb"},"inLanguage":"es","potentialAction":[{"@type":"ReadAction","target":["https:\/\/laserenavegasaltas.org\/?p=5511"]}]},{"@type":"BreadcrumbList","@id":"https:\/\/laserenavegasaltas.org\/?p=5511#breadcrumb","itemListElement":[{"@type":"ListItem","position":1,"name":"Portada","item":"https:\/\/laserenavegasaltas.org\/"},{"@type":"ListItem","position":2,"name":"CONVOCATORIA CONTRATACI\u00d3N TECNICO\/A PROGRAMA PROPREFAME 2026"}]},{"@type":"WebSite","@id":"https:\/\/laserenavegasaltas.org\/#website","url":"https:\/\/laserenavegasaltas.org\/","name":"Mancomunidad Integral de Servicios La Serena-Vegas Altas","description":"Mancomunidad Integral de Servicios La Serena-Vegas Altas","potentialAction":[{"@type":"SearchAction","target":{"@type":"EntryPoint","urlTemplate":"https:\/\/laserenavegasaltas.org\/?s={search_term_string}"},"query-input":{"@type":"PropertyValueSpecification","valueRequired":true,"valueName":"search_term_string"}}],"inLanguage":"es"},{"@type":"Person","@id":"https:\/\/laserenavegasaltas.org\/#\/schema\/person\/7e539dcfd5a02c583c4d62ca800e2d0a","name":"adminlaserena","image":{"@type":"ImageObject","inLanguage":"es","@id":"https:\/\/laserenavegasaltas.org\/#\/schema\/person\/image\/","url":"https:\/\/secure.gravatar.com\/avatar\/e8a6dd0bfa694b30f5479082b82802247d9a6768a68a3f10c8e6fc54b81e49b1?s=96&d=mm&r=g","contentUrl":"https:\/\/secure.gravatar.com\/avatar\/e8a6dd0bfa694b30f5479082b82802247d9a6768a68a3f10c8e6fc54b81e49b1?s=96&d=mm&r=g","caption":"adminlaserena"},"sameAs":["http:\/\/laserenavegasaltas.org"],"url":"https:\/\/laserenavegasaltas.org\/?author=1"}]}},"_links":{"self":[{"href":"https:\/\/laserenavegasaltas.org\/index.php?rest_route=\/wp\/v2\/posts\/5511","targetHints":{"allow":["GET"]}}],"collection":[{"href":"https:\/\/laserenavegasaltas.org\/index.php?rest_route=\/wp\/v2\/posts"}],"about":[{"href":"https:\/\/laserenavegasaltas.org\/index.php?rest_route=\/wp\/v2\/types\/post"}],"author":[{"embeddable":true,"href":"https:\/\/laserenavegasaltas.org\/index.php?rest_route=\/wp\/v2\/users\/1"}],"replies":[{"embeddable":true,"href":"https:\/\/laserenavegasaltas.org\/index.php?rest_route=%2Fwp%2Fv2%2Fcomments&post=5511"}],"version-history":[{"count":3,"href":"https:\/\/laserenavegasaltas.org\/index.php?rest_route=\/wp\/v2\/posts\/5511\/revisions"}],"predecessor-version":[{"id":5532,"href":"https:\/\/laserenavegasaltas.org\/index.php?rest_route=\/wp\/v2\/posts\/5511\/revisions\/5532"}],"wp:featuredmedia":[{"embeddable":true,"href":"https:\/\/laserenavegasaltas.org\/index.php?rest_route=\/"}],"wp:attachment":[{"href":"https:\/\/laserenavegasaltas.org\/index.php?rest_route=%2Fwp%2Fv2%2Fmedia&parent=5511"}],"wp:term":[{"taxonomy":"category","embeddable":true,"href":"https:\/\/laserenavegasaltas.org\/index.php?rest_route=%2Fwp%2Fv2%2Fcategories&post=5511"},{"taxonomy":"post_tag","embeddable":true,"href":"https:\/\/laserenavegasaltas.org\/index.php?rest_route=%2Fwp%2Fv2%2Ftags&post=5511"}],"curies":[{"name":"wp","href":"https:\/\/api.w.org\/{rel}","templated":true}]}}